{"id":20696,"date":"2014-05-19T16:50:45","date_gmt":"2014-05-19T19:50:45","guid":{"rendered":"http:\/\/cordobatimes.com\/showup\/?p=20696"},"modified":"2020-01-09T09:00:23","modified_gmt":"2020-01-09T12:00:23","slug":"internaron-a-santiago-bal","status":"publish","type":"post","link":"https:\/\/www.cordobatimes.com\/showup\/famosos\/2014\/05\/19\/internaron-a-santiago-bal\/","title":{"rendered":"Internaron a Santiago Bal"},"content":{"rendered":"<h3 style=\"text-align: justify;\"><strong>Seg\u00fan public\u00f3 el portal de noticias Pronto.com, a ra\u00edz de una descompensaci\u00f3n, el ex de Carmen Barbieri fue ingresado en el Instituto de Alta Complejidad de la Ciudad de Buenos Aires.<\/strong><\/h3>\n<p style=\"text-align: justify;\">\u00c1ngel de Brito fue el primero en conocer la informaci\u00f3n que luego se expandi\u00f3 por todos los medios. Al parecer, el domingo por la tarde, el actor estaba solo en su domicilio cuando comenz\u00f3 a sentir cierto malestar. Fue entonces que decidi\u00f3 llamar a su m\u00e9dico de cabecera, quien pidi\u00f3 su hospitalizaci\u00f3n.<\/p>\n<p style=\"text-align: justify;\">En estos momentos, se encuentra en observaci\u00f3n en la misma cl\u00ednica en la que permanece internado Pocho La Pantera, tras el confuso episodio vivido el s\u00e1bado por la noche, cuando fue apu\u00f1alado.<\/p>\n<p style=\"text-align: justify;\">Por el momento, Carmen Barbieri no habl\u00f3 al respecto.<\/p>\n","protected":false},"excerpt":{"rendered":"<p>Seg\u00fan public\u00f3 el portal de noticias Pronto.com, a ra\u00edz de una descompensaci\u00f3n, el ex de Carmen Barbieri fue ingresado en el Instituto de Alta Complejidad de la Ciudad de Buenos Aires. \u00c1ngel de Brito fue el primero en conocer la informaci\u00f3n que luego se expandi\u00f3 por todos los medios. Al parecer, el domingo por la [&hellip;]<\/p>\n","protected":false},"author":9,"featured_media":20697,"comment_status":"closed","ping_status":"closed","sticky":false,"template":"","format":"standard","meta":{"_seopress_robots_primary_cat":"","_seopress_titles_title":"","_seopress_titles_desc":"","_seopress_robots_index":"","footnotes":""},"categories":[4],"tags":[27945,7763],"class_list":{"0":"post-20696","1":"post","2":"type-post","3":"status-publish","4":"format-standard","5":"has-post-thumbnail","7":"category-famosos","8":"tag-salud-de-santiago-bal","9":"tag-santiago-bal-internado"},"_links":{"self":[{"href":"https:\/\/www.cordobatimes.com\/showup\/wp-json\/wp\/v2\/posts\/20696","targetHints":{"allow":["GET"]}}],"collection":[{"href":"https:\/\/www.cordobatimes.com\/showup\/wp-json\/wp\/v2\/posts"}],"about":[{"href":"https:\/\/www.cordobatimes.com\/showup\/wp-json\/wp\/v2\/types\/post"}],"author":[{"embeddable":true,"href":"https:\/\/www.cordobatimes.com\/showup\/wp-json\/wp\/v2\/users\/9"}],"replies":[{"embeddable":true,"href":"https:\/\/www.cordobatimes.com\/showup\/wp-json\/wp\/v2\/comments?post=20696"}],"version-history":[{"count":0,"href":"https:\/\/www.cordobatimes.com\/showup\/wp-json\/wp\/v2\/posts\/20696\/revisions"}],"wp:featuredmedia":[{"embeddable":true,"href":"https:\/\/www.cordobatimes.com\/showup\/wp-json\/wp\/v2\/media\/20697"}],"wp:attachment":[{"href":"https:\/\/www.cordobatimes.com\/showup\/wp-json\/wp\/v2\/media?parent=20696"}],"wp:term":[{"taxonomy":"category","embeddable":true,"href":"https:\/\/www.cordobatimes.com\/showup\/wp-json\/wp\/v2\/categories?post=20696"},{"taxonomy":"post_tag","embeddable":true,"href":"https:\/\/www.cordobatimes.com\/showup\/wp-json\/wp\/v2\/tags?post=20696"}],"curies":[{"name":"wp","href":"https:\/\/api.w.org\/{rel}","templated":true}]}}