{"id":20690,"date":"2014-05-19T16:36:16","date_gmt":"2014-05-19T19:36:16","guid":{"rendered":"http:\/\/cordobatimes.com\/showup\/?p=20690"},"modified":"2020-01-09T09:06:13","modified_gmt":"2020-01-09T12:06:13","slug":"julieta-diaz-esta-embarazada","status":"publish","type":"post","link":"https:\/\/www.cordobatimes.com\/showup\/famosos\/2014\/05\/19\/julieta-diaz-esta-embarazada\/","title":{"rendered":"Julieta D\u00edaz est\u00e1 embarazada"},"content":{"rendered":"<h3 style=\"text-align: justify;\"><strong>Despu\u00e9s de que Pampita anoche muestre su pancita en los premios Mart\u00edn Fierro y confirme que est\u00e1 esperando una nueva hija, ahora\u00a0 se suma a la lista de futuras mam\u00e1s la reconocida actriz<\/strong><\/h3>\n<p style=\"text-align: justify;\">La \u00a0morocha de 36 a\u00f1os est\u00e1 esperando su primer hijo junto a su pareja Brent Federighi, seg\u00fan confirm\u00f3 el periodista \u00c1ngel de Brito en \u00abBdV\u00bb.<\/p>\n<p style=\"text-align: justify;\">Recordemos que D\u00edaz est\u00e1 casada junto a Federighi desde 2011, y ahora viven un momento especial a la espera de su primer hijo.<\/p>\n<p style=\"text-align: justify;\">Julieta D\u00edaz se incorpor\u00f3 a \u00abSe\u00f1ores papis\u00bb, la ficci\u00f3n de las noches de Telefe protagonizada por Joaqu\u00edn Furriel, Peto Menahem, Luciano Castro y Luciano C\u00e1ceres.<\/p>\n<p style=\"text-align: justify;\">\u00bfC\u00f3mo seguir\u00e1 la historia?<\/p>\n","protected":false},"excerpt":{"rendered":"<p>Despu\u00e9s de que Pampita anoche muestre su pancita en los premios Mart\u00edn Fierro y confirme que est\u00e1 esperando una nueva hija, ahora\u00a0 se suma a la lista de futuras mam\u00e1s la reconocida actriz La \u00a0morocha de 36 a\u00f1os est\u00e1 esperando su primer hijo junto a su pareja Brent Federighi, seg\u00fan confirm\u00f3 el periodista \u00c1ngel de [&hellip;]<\/p>\n","protected":false},"author":9,"featured_media":20691,"comment_status":"closed","ping_status":"closed","sticky":false,"template":"","format":"standard","meta":{"_seopress_robots_primary_cat":"","_seopress_titles_title":"","_seopress_titles_desc":"","_seopress_robots_index":"","footnotes":""},"categories":[4],"tags":[27946,9682],"class_list":{"0":"post-20690","1":"post","2":"type-post","3":"status-publish","4":"format-standard","5":"has-post-thumbnail","7":"category-famosos","8":"tag-julieta-diaz-brent-federighi","9":"tag-julieta-diaz-embarazada"},"_links":{"self":[{"href":"https:\/\/www.cordobatimes.com\/showup\/wp-json\/wp\/v2\/posts\/20690","targetHints":{"allow":["GET"]}}],"collection":[{"href":"https:\/\/www.cordobatimes.com\/showup\/wp-json\/wp\/v2\/posts"}],"about":[{"href":"https:\/\/www.cordobatimes.com\/showup\/wp-json\/wp\/v2\/types\/post"}],"author":[{"embeddable":true,"href":"https:\/\/www.cordobatimes.com\/showup\/wp-json\/wp\/v2\/users\/9"}],"replies":[{"embeddable":true,"href":"https:\/\/www.cordobatimes.com\/showup\/wp-json\/wp\/v2\/comments?post=20690"}],"version-history":[{"count":0,"href":"https:\/\/www.cordobatimes.com\/showup\/wp-json\/wp\/v2\/posts\/20690\/revisions"}],"wp:featuredmedia":[{"embeddable":true,"href":"https:\/\/www.cordobatimes.com\/showup\/wp-json\/wp\/v2\/media\/20691"}],"wp:attachment":[{"href":"https:\/\/www.cordobatimes.com\/showup\/wp-json\/wp\/v2\/media?parent=20690"}],"wp:term":[{"taxonomy":"category","embeddable":true,"href":"https:\/\/www.cordobatimes.com\/showup\/wp-json\/wp\/v2\/categories?post=20690"},{"taxonomy":"post_tag","embeddable":true,"href":"https:\/\/www.cordobatimes.com\/showup\/wp-json\/wp\/v2\/tags?post=20690"}],"curies":[{"name":"wp","href":"https:\/\/api.w.org\/{rel}","templated":true}]}}