{"id":20624,"date":"2014-05-19T02:30:25","date_gmt":"2014-05-19T05:30:25","guid":{"rendered":"http:\/\/cordobatimes.com\/showup\/?p=20624"},"modified":"2020-01-09T09:54:09","modified_gmt":"2020-01-09T12:54:09","slug":"lo-mas-emotivo-de-los-martin-fierro-el-homenaje-a-los-que-ya-no-estan-video","status":"publish","type":"post","link":"https:\/\/www.cordobatimes.com\/showup\/famosos\/2014\/05\/19\/lo-mas-emotivo-de-los-martin-fierro-el-homenaje-a-los-que-ya-no-estan-video\/","title":{"rendered":"Lo m\u00e1s emotivo de los Mart\u00edn Fierro: el homenaje a los que ya no est\u00e1n (Video)"},"content":{"rendered":"<h3 style=\"text-align: justify;\"><strong>Como cada a\u00f1o, en la entrega de los reconocidos galardones, se realiza un video recordando , a los que bajaron el tel\u00f3n, algunos antes de tiempo, otros, en el tiempo justo.<\/strong><\/h3>\n<p style=\"text-align: justify;\">Se aprovech\u00f3 la transmisi\u00f3n de los premios Mart\u00edn Fierro para dedicarle unos minutos a los artistas que fallecieron.<\/p>\n<p style=\"text-align: justify;\">Alfredo Alc\u00f3n, Delfor, Elena Tasisto, Norberto Degoas, Carlos Lorca, Edith Gaute, Fabi\u00e1n Rodr\u00edguez, Patricia Castell, Mar\u00eda Elena Sagrera, Claudio Quinteros, Isabel Salom\u00f3n, Jorge Iba\u00f1ez, Aldo Barbero. Nelly Omar, Ricardo Fort, Julio de Rissio, Eugenia de Chickoff, Fabio Manes, Lily Sullos, Alejandro Urdapilleta, Myna Mores, Miguel Brasco, Juan Carlos Calabr\u00f3, Nia Quesada, Carlo Moreno, Ricardo Bauileo, Juan Mnuel Tenuta, lillian Valmar, Norma Pons, son los famosos que ya no est\u00e1n y fueron los homenajeados en la noche de los Mart\u00edn Fierro 2014.<\/p>\n<p style=\"text-align: justify;\">Ante la inminente pol\u00e9mica por la incorporaci\u00f3n o no de Ricardo Fort, APTRA decidi\u00f3 incluirlo en el video.<\/p>\n<p style=\"text-align: justify;\">En esta oportunidad, se utiliz\u00f3 la voz del actor, Alfredo Alc\u00f3n, para acompa\u00f1ar el video de las im\u00e1genes.<\/p>\n<p><iframe loading=\"lazy\" src=\"\/\/www.dailymotion.com\/embed\/video\/x1vixoc\" width=\"480\" height=\"270\" frameborder=\"0\" allowfullscreen=\"allowfullscreen\"><\/iframe><br \/>\n<a href=\"http:\/\/www.dailymotion.com\/video\/x1vixoc_pronto-com-ar-homenaje-a-los-que-ya-no-estan_shortfilms\" target=\"_blank\" rel=\"noopener noreferrer\">Pronto.com.ar Homenaje a los que ya no estan<\/a> <i>por <a href=\"http:\/\/www.dailymotion.com\/revista_pronto\" target=\"_blank\" rel=\"noopener noreferrer\">revista_pronto<\/a><\/i><\/p>\n","protected":false},"excerpt":{"rendered":"<p>Como cada a\u00f1o, en la entrega de los reconocidos galardones, se realiza un video recordando , a los que bajaron el tel\u00f3n, algunos antes de tiempo, otros, en el tiempo justo. Se aprovech\u00f3 la transmisi\u00f3n de los premios Mart\u00edn Fierro para dedicarle unos minutos a los artistas que fallecieron. Alfredo Alc\u00f3n, Delfor, Elena Tasisto, Norberto [&hellip;]<\/p>\n","protected":false},"author":9,"featured_media":20625,"comment_status":"closed","ping_status":"closed","sticky":false,"template":"","format":"standard","meta":{"_seopress_robots_primary_cat":"","_seopress_titles_title":"","_seopress_titles_desc":"","_seopress_robots_index":"","footnotes":""},"categories":[4],"tags":[27954,27953],"class_list":{"0":"post-20624","1":"post","2":"type-post","3":"status-publish","4":"format-standard","5":"has-post-thumbnail","7":"category-famosos","8":"tag-homenaje-de-los-premios-martin-fierro-2014","9":"tag-martin-fierro-el-homenaje-a-los-que-ya-no-estan"},"_links":{"self":[{"href":"https:\/\/www.cordobatimes.com\/showup\/wp-json\/wp\/v2\/posts\/20624","targetHints":{"allow":["GET"]}}],"collection":[{"href":"https:\/\/www.cordobatimes.com\/showup\/wp-json\/wp\/v2\/posts"}],"about":[{"href":"https:\/\/www.cordobatimes.com\/showup\/wp-json\/wp\/v2\/types\/post"}],"author":[{"embeddable":true,"href":"https:\/\/www.cordobatimes.com\/showup\/wp-json\/wp\/v2\/users\/9"}],"replies":[{"embeddable":true,"href":"https:\/\/www.cordobatimes.com\/showup\/wp-json\/wp\/v2\/comments?post=20624"}],"version-history":[{"count":0,"href":"https:\/\/www.cordobatimes.com\/showup\/wp-json\/wp\/v2\/posts\/20624\/revisions"}],"wp:featuredmedia":[{"embeddable":true,"href":"https:\/\/www.cordobatimes.com\/showup\/wp-json\/wp\/v2\/media\/20625"}],"wp:attachment":[{"href":"https:\/\/www.cordobatimes.com\/showup\/wp-json\/wp\/v2\/media?parent=20624"}],"wp:term":[{"taxonomy":"category","embeddable":true,"href":"https:\/\/www.cordobatimes.com\/showup\/wp-json\/wp\/v2\/categories?post=20624"},{"taxonomy":"post_tag","embeddable":true,"href":"https:\/\/www.cordobatimes.com\/showup\/wp-json\/wp\/v2\/tags?post=20624"}],"curies":[{"name":"wp","href":"https:\/\/api.w.org\/{rel}","templated":true}]}}