{"id":20527,"date":"2014-05-18T14:18:59","date_gmt":"2014-05-18T17:18:59","guid":{"rendered":"http:\/\/cordobatimes.com\/showup\/?p=20527"},"modified":"2020-01-09T10:05:54","modified_gmt":"2020-01-09T13:05:54","slug":"te-imaginas-juntar-mad-en-y-x-men","status":"publish","type":"post","link":"https:\/\/www.cordobatimes.com\/showup\/curiosidades\/2014\/05\/18\/te-imaginas-juntar-mad-en-y-x-men\/","title":{"rendered":"\u00bfTe imagin\u00e1s juntar Mad Men y X- Men?"},"content":{"rendered":"<h3 style=\"text-align: justify;\"><strong>\u00abMad X-Men: Don Draper&#8217;s Future Past\u00bb \u00a0es el t\u00edtulo del genial v\u00eddeo que nos muestra qu\u00e9 ocurrir\u00eda si el protagonista de Mad Men se topara con Xavier, Magneto, Lobezno y el resto de mutantes.<\/strong><\/h3>\n<p style=\"text-align: justify;\">Magneto intenta evitar que Draper siga bebiendo a todas horas, M\u00edstica es objeto de sus deseos (aunque el azul est\u00e9 anticuado), y el profesor Xavier le ahorra a Peggy otra bronca por parte de su jefe. Estos son algunos de los momentazos que nos deja este clip de apenas tres minutos de duraci\u00f3n.<\/p>\n<p style=\"text-align: justify;\">La s\u00e9ptima y \u00faltima temporada de Mad Men se emite en AMC y estar\u00e1 dividida en dos partes. En Espa\u00f1a ya podemos ver los \u00faltimos cap\u00edtulos de la serie protagonizada por John Hamm en Canal+.<\/p>\n<p style=\"text-align: justify;\">Por su parte, X-Men: D\u00edas del futuro pasado (X-Men: Days of Future Past) est\u00e1 a punto de llegar a los cines de nuevo dirigida por Bryan Singer.<\/p>\n<p style=\"text-align: justify;\">La m\u00e1s ambiciosa entrega de la franquicia, que unir\u00e1 a los mutantes de la trilog\u00eda original con los nuevos que vimos en X-Men: Primera generaci\u00f3n, se estrenar\u00e1 el 23 de mayo en Estados Unidos, aunque habr\u00e1 que esperar hasta el 6 de junio para que llegue a los cines espa\u00f1oles.<\/p>\n<p style=\"text-align: justify;\">No te pierdas el video.<\/p>\n<p><iframe loading=\"lazy\" src=\"\/\/www.youtube.com\/embed\/UOAt0v8Hp0Y\" width=\"560\" height=\"315\" frameborder=\"0\" allowfullscreen=\"allowfullscreen\"><\/iframe><\/p>\n","protected":false},"excerpt":{"rendered":"<p>\u00abMad X-Men: Don Draper&#8217;s Future Past\u00bb \u00a0es el t\u00edtulo del genial v\u00eddeo que nos muestra qu\u00e9 ocurrir\u00eda si el protagonista de Mad Men se topara con Xavier, Magneto, Lobezno y el resto de mutantes. Magneto intenta evitar que Draper siga bebiendo a todas horas, M\u00edstica es objeto de sus deseos (aunque el azul est\u00e9 anticuado), [&hellip;]<\/p>\n","protected":false},"author":9,"featured_media":20545,"comment_status":"closed","ping_status":"closed","sticky":false,"template":"","format":"standard","meta":{"_seopress_robots_primary_cat":"","_seopress_titles_title":"","_seopress_titles_desc":"","_seopress_robots_index":"","footnotes":""},"categories":[8],"tags":[27955,6761,27956],"class_list":{"0":"post-20527","1":"post","2":"type-post","3":"status-publish","4":"format-standard","5":"has-post-thumbnail","7":"category-curiosidades","8":"tag-mad-men-y-x-men","9":"tag-mad-x-men-don-drapers-future-past","10":"tag-protagonista-de-mad-men-se-topara-con-xavier-magneto-lobezno-y-el-resto-de-mutantes"},"_links":{"self":[{"href":"https:\/\/www.cordobatimes.com\/showup\/wp-json\/wp\/v2\/posts\/20527","targetHints":{"allow":["GET"]}}],"collection":[{"href":"https:\/\/www.cordobatimes.com\/showup\/wp-json\/wp\/v2\/posts"}],"about":[{"href":"https:\/\/www.cordobatimes.com\/showup\/wp-json\/wp\/v2\/types\/post"}],"author":[{"embeddable":true,"href":"https:\/\/www.cordobatimes.com\/showup\/wp-json\/wp\/v2\/users\/9"}],"replies":[{"embeddable":true,"href":"https:\/\/www.cordobatimes.com\/showup\/wp-json\/wp\/v2\/comments?post=20527"}],"version-history":[{"count":0,"href":"https:\/\/www.cordobatimes.com\/showup\/wp-json\/wp\/v2\/posts\/20527\/revisions"}],"wp:featuredmedia":[{"embeddable":true,"href":"https:\/\/www.cordobatimes.com\/showup\/wp-json\/wp\/v2\/media\/20545"}],"wp:attachment":[{"href":"https:\/\/www.cordobatimes.com\/showup\/wp-json\/wp\/v2\/media?parent=20527"}],"wp:term":[{"taxonomy":"category","embeddable":true,"href":"https:\/\/www.cordobatimes.com\/showup\/wp-json\/wp\/v2\/categories?post=20527"},{"taxonomy":"post_tag","embeddable":true,"href":"https:\/\/www.cordobatimes.com\/showup\/wp-json\/wp\/v2\/tags?post=20527"}],"curies":[{"name":"wp","href":"https:\/\/api.w.org\/{rel}","templated":true}]}}