{"id":20524,"date":"2014-05-18T13:19:41","date_gmt":"2014-05-18T16:19:41","guid":{"rendered":"http:\/\/cordobatimes.com\/showup\/?p=20524"},"modified":"2020-01-09T13:52:38","modified_gmt":"2020-01-09T16:52:38","slug":"facundo-arana-grabara-su-primer-disco","status":"publish","type":"post","link":"https:\/\/www.cordobatimes.com\/showup\/musica\/2014\/05\/18\/facundo-arana-grabara-su-primer-disco\/","title":{"rendered":"Facundo Arana grabar\u00e1 su primer disco"},"content":{"rendered":"<h3 style=\"text-align: justify;\"><strong>El actor tendr\u00e1 un 2014 muy movido. Este a\u00f1o volver\u00e1 a Pol-ka como protagonista de la nueva tira de la productora con Romina Gaetani y Paola Krum como sus compa\u00f1eras de rubro.<\/strong><\/h3>\n<p style=\"text-align: justify;\">Pero no solamente eso est\u00e1 en el futuro del gal\u00e1n. Como ya te lo hab\u00edamos adelantado, el actor se dedicar\u00e1 a la m\u00fasica y acaba de firmar un contrato con la gente de la compa\u00f1\u00eda Sony, en su calidad de m\u00fasico y cantante.<\/p>\n<p style=\"text-align: justify;\">Facundo Arana desarrolla desde sus comienzos, un amor incondicional por la m\u00fasica y en especial por el saxo, instrumento que toca desde hace muchos a\u00f1os.<\/p>\n<p style=\"text-align: justify;\">Por eso la empresa discogr\u00e1fica firm\u00f3 un contrato con Facundo para editarle sus trabajos como cantante.<\/p>\n<p style=\"text-align: justify;\">Habr\u00e1 que ver el lanzamiento de dicho disco, lo concreto es que Facundo Arana se dar\u00e1 el gusto, y tambi\u00e9n se lo dar\u00e1 a sus seguidores que quieren que finalmente vuelque a un disco todo su arte como m\u00fasico.<\/p>\n","protected":false},"excerpt":{"rendered":"<p>El actor tendr\u00e1 un 2014 muy movido. Este a\u00f1o volver\u00e1 a Pol-ka como protagonista de la nueva tira de la productora con Romina Gaetani y Paola Krum como sus compa\u00f1eras de rubro. Pero no solamente eso est\u00e1 en el futuro del gal\u00e1n. Como ya te lo hab\u00edamos adelantado, el actor se dedicar\u00e1 a la m\u00fasica [&hellip;]<\/p>\n","protected":false},"author":9,"featured_media":20525,"comment_status":"closed","ping_status":"closed","sticky":false,"template":"","format":"standard","meta":{"_seopress_robots_primary_cat":"","_seopress_titles_title":"","_seopress_titles_desc":"","_seopress_robots_index":"","footnotes":""},"categories":[5],"tags":[27971,27970],"class_list":{"0":"post-20524","1":"post","2":"type-post","3":"status-publish","4":"format-standard","5":"has-post-thumbnail","7":"category-musica","8":"tag-cd-de-facundo-arana","9":"tag-primer-disco-de-facundo-arana"},"_links":{"self":[{"href":"https:\/\/www.cordobatimes.com\/showup\/wp-json\/wp\/v2\/posts\/20524","targetHints":{"allow":["GET"]}}],"collection":[{"href":"https:\/\/www.cordobatimes.com\/showup\/wp-json\/wp\/v2\/posts"}],"about":[{"href":"https:\/\/www.cordobatimes.com\/showup\/wp-json\/wp\/v2\/types\/post"}],"author":[{"embeddable":true,"href":"https:\/\/www.cordobatimes.com\/showup\/wp-json\/wp\/v2\/users\/9"}],"replies":[{"embeddable":true,"href":"https:\/\/www.cordobatimes.com\/showup\/wp-json\/wp\/v2\/comments?post=20524"}],"version-history":[{"count":0,"href":"https:\/\/www.cordobatimes.com\/showup\/wp-json\/wp\/v2\/posts\/20524\/revisions"}],"wp:featuredmedia":[{"embeddable":true,"href":"https:\/\/www.cordobatimes.com\/showup\/wp-json\/wp\/v2\/media\/20525"}],"wp:attachment":[{"href":"https:\/\/www.cordobatimes.com\/showup\/wp-json\/wp\/v2\/media?parent=20524"}],"wp:term":[{"taxonomy":"category","embeddable":true,"href":"https:\/\/www.cordobatimes.com\/showup\/wp-json\/wp\/v2\/categories?post=20524"},{"taxonomy":"post_tag","embeddable":true,"href":"https:\/\/www.cordobatimes.com\/showup\/wp-json\/wp\/v2\/tags?post=20524"}],"curies":[{"name":"wp","href":"https:\/\/api.w.org\/{rel}","templated":true}]}}