{"id":20515,"date":"2014-05-18T13:03:32","date_gmt":"2014-05-18T16:03:32","guid":{"rendered":"http:\/\/cordobatimes.com\/showup\/?p=20515"},"modified":"2020-01-09T13:56:45","modified_gmt":"2020-01-09T16:56:45","slug":"llega-el-final-de-avenida-brasil-te-imaginas-cuando-gastara-telefe-para-traer-a-sus-actores","status":"publish","type":"post","link":"https:\/\/www.cordobatimes.com\/showup\/tv\/2014\/05\/18\/llega-el-final-de-avenida-brasil-te-imaginas-cuando-gastara-telefe-para-traer-a-sus-actores\/","title":{"rendered":"Llega el final de Avenida Brasil, \u00bfte imaginas cuando gastar\u00e1 Telefe para traer a sus actores?"},"content":{"rendered":"<p style=\"text-align: justify;\">\n<h3 style=\"text-align: justify;\"><strong>El cierre de una de las novelas con m\u00e1s \u00e9xito ser\u00e1 emitido desde el teatro Gran Rex y el canal de las pelotas prepara una fiesta a todo vapor para el \u00faltimo cap\u00edtulo de la atrapante historia que captur\u00f3 a los televidentes argentinos.<\/strong><\/h3>\n<p style=\"text-align: justify;\">La perla de la gran noche es la presencia de los protagonistas de la telenovela, algo que por el momento no est\u00e1 resuelto ya que para que eso suceda el canal tendr\u00eda que desembolsar 2 millones de pesos para que Jorgito (Cau\u00e3 Reymond), Carminha (Adriana Esteves), Tif\u00f3n (Murilo Ben\u00edcio) y Nina (D\u00e9bora Falabella) est\u00e9n el lunes 9 de junio en el teatro de la Calle Corrientes.<\/p>\n<p style=\"text-align: justify;\">Pero \u00e9sta no es la \u00fanica pol\u00e9mica que rodea el gran \u00e9xito televisivo del a\u00f1o, la conducci\u00f3n de la gala pasar\u00eda a manos de Marley dejando atr\u00e1s a Virginia Lago quien fue la encargada de presentar durante todo el ciclo, cada cap\u00edtulo.<\/p>\n<p style=\"text-align: justify;\">A vos, \u00bfqui\u00e9n te parece que debe conducirlo?<\/p>\n","protected":false},"excerpt":{"rendered":"<p>El cierre de una de las novelas con m\u00e1s \u00e9xito ser\u00e1 emitido desde el teatro Gran Rex y el canal de las pelotas prepara una fiesta a todo vapor para el \u00faltimo cap\u00edtulo de la atrapante historia que captur\u00f3 a los televidentes argentinos. La perla de la gran noche es la presencia de los protagonistas [&hellip;]<\/p>\n","protected":false},"author":9,"featured_media":20516,"comment_status":"closed","ping_status":"closed","sticky":false,"template":"","format":"standard","meta":{"_seopress_robots_primary_cat":"","_seopress_titles_title":"","_seopress_titles_desc":"","_seopress_robots_index":"","footnotes":""},"categories":[2],"tags":[7830,27973,27974],"class_list":{"0":"post-20515","1":"post","2":"type-post","3":"status-publish","4":"format-standard","5":"has-post-thumbnail","7":"category-tv","8":"tag-final-de-avenida-brasil","9":"tag-final-de-avenida-brasil-en-argentina","10":"tag-final-de-avenida-brasil-en-el-gran-rex"},"_links":{"self":[{"href":"https:\/\/www.cordobatimes.com\/showup\/wp-json\/wp\/v2\/posts\/20515","targetHints":{"allow":["GET"]}}],"collection":[{"href":"https:\/\/www.cordobatimes.com\/showup\/wp-json\/wp\/v2\/posts"}],"about":[{"href":"https:\/\/www.cordobatimes.com\/showup\/wp-json\/wp\/v2\/types\/post"}],"author":[{"embeddable":true,"href":"https:\/\/www.cordobatimes.com\/showup\/wp-json\/wp\/v2\/users\/9"}],"replies":[{"embeddable":true,"href":"https:\/\/www.cordobatimes.com\/showup\/wp-json\/wp\/v2\/comments?post=20515"}],"version-history":[{"count":0,"href":"https:\/\/www.cordobatimes.com\/showup\/wp-json\/wp\/v2\/posts\/20515\/revisions"}],"wp:featuredmedia":[{"embeddable":true,"href":"https:\/\/www.cordobatimes.com\/showup\/wp-json\/wp\/v2\/media\/20516"}],"wp:attachment":[{"href":"https:\/\/www.cordobatimes.com\/showup\/wp-json\/wp\/v2\/media?parent=20515"}],"wp:term":[{"taxonomy":"category","embeddable":true,"href":"https:\/\/www.cordobatimes.com\/showup\/wp-json\/wp\/v2\/categories?post=20515"},{"taxonomy":"post_tag","embeddable":true,"href":"https:\/\/www.cordobatimes.com\/showup\/wp-json\/wp\/v2\/tags?post=20515"}],"curies":[{"name":"wp","href":"https:\/\/api.w.org\/{rel}","templated":true}]}}