{"id":20512,"date":"2014-05-18T12:53:13","date_gmt":"2014-05-18T15:53:13","guid":{"rendered":"http:\/\/cordobatimes.com\/showup\/?p=20512"},"modified":"2020-01-09T14:00:38","modified_gmt":"2020-01-09T17:00:38","slug":"mirtha-y-susana-juntas","status":"publish","type":"post","link":"https:\/\/www.cordobatimes.com\/showup\/famosos\/2014\/05\/18\/mirtha-y-susana-juntas\/","title":{"rendered":"Mirtha y Susana, \u00bfjuntas?"},"content":{"rendered":"<h3 style=\"text-align: justify;\"><strong>Dos de las divas de la televisi\u00f3n argentina se cruzaron en un evento solidario por el Hospital de Cl\u00ednicas y, seguramente, esta noche volver\u00e1n a encontrarse.\u00a0<\/strong><\/h3>\n<p style=\"text-align: justify;\">Seg\u00fan algunos testigos, Susana felicit\u00f3 a Mirtha por su buen a\u00f1o televisivo en El Trece, y la diva de los almuerzos le pregunt\u00f3 a \u00abSu\u00bb cu\u00e1ndo finalmente regresaba a la pantalla. Adem\u00e1s, la invit\u00f3 a su cicl\u00f3, cosa que la rubia declin\u00f3 gentilmente.<\/p>\n<p style=\"text-align: justify;\">Susana lleg\u00f3 hace una semana a Buenos Aires luego de pasar por Punta del Este, Miami y Nueva York donde comparti\u00f3 vacaciones con su hija Mercedes. Y lleg\u00f3 justo a tiempo para participar de la entrega de los Mart\u00edn Fierro este domingo en el hotel Hilton. En su mesa se ubicar\u00e1n, casi como por c\u00e1bala, su hija, Tet\u00e9 Coustarot, Pet Figueroa, Rossella Della Giovampaola, H\u00e9ctor Maugeri \u2013de revista Caras\u2013, y Gustavo Yankelevich.<\/p>\n<p style=\"text-align: justify;\">Esta noche ella y Mirtha volver\u00e1n a competir en una terna que otrora ya las tuvo \u201cenfrentadas\u201d: el Mart\u00edn Fierro a la Mejor Conducci\u00f3n Femenina en televisi\u00f3n. Aunque puede suceder que ambas se queden sin la estatuilla.<\/p>\n","protected":false},"excerpt":{"rendered":"<p>Dos de las divas de la televisi\u00f3n argentina se cruzaron en un evento solidario por el Hospital de Cl\u00ednicas y, seguramente, esta noche volver\u00e1n a encontrarse.\u00a0 Seg\u00fan algunos testigos, Susana felicit\u00f3 a Mirtha por su buen a\u00f1o televisivo en El Trece, y la diva de los almuerzos le pregunt\u00f3 a \u00abSu\u00bb cu\u00e1ndo finalmente regresaba a [&hellip;]<\/p>\n","protected":false},"author":9,"featured_media":20513,"comment_status":"closed","ping_status":"closed","sticky":false,"template":"","format":"standard","meta":{"_seopress_robots_primary_cat":"","_seopress_titles_title":"","_seopress_titles_desc":"","_seopress_robots_index":"","footnotes":""},"categories":[4],"tags":[27975,27976],"class_list":{"0":"post-20512","1":"post","2":"type-post","3":"status-publish","4":"format-standard","5":"has-post-thumbnail","7":"category-famosos","8":"tag-susana-gimenez-mirtha-legrand","9":"tag-susana-gimenez-mirtha-legrand-evento-solidario"},"_links":{"self":[{"href":"https:\/\/www.cordobatimes.com\/showup\/wp-json\/wp\/v2\/posts\/20512","targetHints":{"allow":["GET"]}}],"collection":[{"href":"https:\/\/www.cordobatimes.com\/showup\/wp-json\/wp\/v2\/posts"}],"about":[{"href":"https:\/\/www.cordobatimes.com\/showup\/wp-json\/wp\/v2\/types\/post"}],"author":[{"embeddable":true,"href":"https:\/\/www.cordobatimes.com\/showup\/wp-json\/wp\/v2\/users\/9"}],"replies":[{"embeddable":true,"href":"https:\/\/www.cordobatimes.com\/showup\/wp-json\/wp\/v2\/comments?post=20512"}],"version-history":[{"count":0,"href":"https:\/\/www.cordobatimes.com\/showup\/wp-json\/wp\/v2\/posts\/20512\/revisions"}],"wp:featuredmedia":[{"embeddable":true,"href":"https:\/\/www.cordobatimes.com\/showup\/wp-json\/wp\/v2\/media\/20513"}],"wp:attachment":[{"href":"https:\/\/www.cordobatimes.com\/showup\/wp-json\/wp\/v2\/media?parent=20512"}],"wp:term":[{"taxonomy":"category","embeddable":true,"href":"https:\/\/www.cordobatimes.com\/showup\/wp-json\/wp\/v2\/categories?post=20512"},{"taxonomy":"post_tag","embeddable":true,"href":"https:\/\/www.cordobatimes.com\/showup\/wp-json\/wp\/v2\/tags?post=20512"}],"curies":[{"name":"wp","href":"https:\/\/api.w.org\/{rel}","templated":true}]}}