{"id":20483,"date":"2014-05-17T17:02:32","date_gmt":"2014-05-17T20:02:32","guid":{"rendered":"http:\/\/cordobatimes.com\/showup\/?p=20483"},"modified":"2020-01-09T16:17:04","modified_gmt":"2020-01-09T19:17:04","slug":"viviana-canosa-mostro-a-su-hija-a-una-semana-de-que-cumpla-un-ano","status":"publish","type":"post","link":"https:\/\/www.cordobatimes.com\/showup\/famosos\/2014\/05\/17\/viviana-canosa-mostro-a-su-hija-a-una-semana-de-que-cumpla-un-ano\/","title":{"rendered":"Viviana Canosa mostr\u00f3 a su hija a una semana de que cumpla un a\u00f1o"},"content":{"rendered":"<h3 style=\"text-align: justify;\"><strong>La periodista ya est\u00e1 pensando su vuelta a la televisi\u00f3n y ultima los detalles de lo que ser\u00e1 el festejo por el primer a\u00f1o de \u00a0Martina.<\/strong><\/h3>\n<p style=\"text-align: justify;\">En pareja con Alejandro Borensztein, el pap\u00e1 de su primog\u00e9nita, la periodista y conductora se tom\u00f3 unos d\u00edas de descanso y viaj\u00f3 junto a su familia a Nueva York.<\/p>\n<p style=\"text-align: justify;\">A su regreso, Canosa pos\u00f3 junto a Martina y su mam\u00e1 Mirtha a quien define como su \u00abgran compa\u00f1era\u00bb en la vida.<\/p>\n<p style=\"text-align: justify;\">Viviana utiliz\u00f3 su cuenta de Twitter, donde desembarc\u00f3 hace pocos d\u00edas para expresar la emoci\u00f3n que siente por el primer cumplea\u00f1os de su hija.<\/p>\n<p style=\"text-align: justify;\">\u00abTe miro y no salgo del asombro. Ser consciente que te formaste dentro m\u00edo. Que me diste el privilegio de elegirme como madre.Y ya casi al a\u00f1o de tu llegada a \u00e9ste mundo. Sos mi vida\u00bb, escribi\u00f3 en la red social.<\/p>\n<p style=\"text-align: justify;\">\u00abQue ya no soy la misma. Que diste un giro ascendente a mi alma. Que lo \u00fanico que quiero es llenarte de amor. Que tu ser irradie amor, sonrisas y simpat\u00eda&#8230; como lo haces ya tan temprano&#8230;Gracias Dios por tener esto en mi plan cuando yo no era consciente que suceder\u00eda.Confieso que debo reconocer que Tu Plan es divinamente perfecto. Estoy en Tus manos. Am\u00e9n\u00bb, dijo emocionada la periodista, conductora y mam\u00e1.<\/p>\n<blockquote class=\"twitter-tweet\" data-lang=\"es\">\n<p dir=\"ltr\" lang=\"es\">Con quien me di\u00f3 la vida. A qui\u00e9n le d\u00ed la vida <a href=\"http:\/\/t.co\/Gexa70VbwJ\">pic.twitter.com\/Gexa70VbwJ<\/a><\/p>\n<p>\u2014 Viviana Canosa (@vivicanosaok) <a href=\"https:\/\/twitter.com\/vivicanosaok\/status\/467493768535769088?ref_src=twsrc%5Etfw\">17 de mayo de 2014<\/a><\/p><\/blockquote>\n<p><script async src=\"https:\/\/platform.twitter.com\/widgets.js\" charset=\"utf-8\"><\/script><\/p>\n","protected":false},"excerpt":{"rendered":"<p>La periodista ya est\u00e1 pensando su vuelta a la televisi\u00f3n y ultima los detalles de lo que ser\u00e1 el festejo por el primer a\u00f1o de \u00a0Martina. En pareja con Alejandro Borensztein, el pap\u00e1 de su primog\u00e9nita, la periodista y conductora se tom\u00f3 unos d\u00edas de descanso y viaj\u00f3 junto a su familia a Nueva York. [&hellip;]<\/p>\n","protected":false},"author":9,"featured_media":20492,"comment_status":"closed","ping_status":"closed","sticky":false,"template":"","format":"standard","meta":{"_seopress_robots_primary_cat":"","_seopress_titles_title":"","_seopress_titles_desc":"","_seopress_robots_index":"","footnotes":""},"categories":[4],"tags":[27983,27984],"class_list":{"0":"post-20483","1":"post","2":"type-post","3":"status-publish","4":"format-standard","5":"has-post-thumbnail","7":"category-famosos","8":"tag-hija-de-viviana-canosa","9":"tag-viviana-canosa-y-martina"},"_links":{"self":[{"href":"https:\/\/www.cordobatimes.com\/showup\/wp-json\/wp\/v2\/posts\/20483","targetHints":{"allow":["GET"]}}],"collection":[{"href":"https:\/\/www.cordobatimes.com\/showup\/wp-json\/wp\/v2\/posts"}],"about":[{"href":"https:\/\/www.cordobatimes.com\/showup\/wp-json\/wp\/v2\/types\/post"}],"author":[{"embeddable":true,"href":"https:\/\/www.cordobatimes.com\/showup\/wp-json\/wp\/v2\/users\/9"}],"replies":[{"embeddable":true,"href":"https:\/\/www.cordobatimes.com\/showup\/wp-json\/wp\/v2\/comments?post=20483"}],"version-history":[{"count":0,"href":"https:\/\/www.cordobatimes.com\/showup\/wp-json\/wp\/v2\/posts\/20483\/revisions"}],"wp:featuredmedia":[{"embeddable":true,"href":"https:\/\/www.cordobatimes.com\/showup\/wp-json\/wp\/v2\/media\/20492"}],"wp:attachment":[{"href":"https:\/\/www.cordobatimes.com\/showup\/wp-json\/wp\/v2\/media?parent=20483"}],"wp:term":[{"taxonomy":"category","embeddable":true,"href":"https:\/\/www.cordobatimes.com\/showup\/wp-json\/wp\/v2\/categories?post=20483"},{"taxonomy":"post_tag","embeddable":true,"href":"https:\/\/www.cordobatimes.com\/showup\/wp-json\/wp\/v2\/tags?post=20483"}],"curies":[{"name":"wp","href":"https:\/\/api.w.org\/{rel}","templated":true}]}}