{"id":20279,"date":"2014-05-15T11:25:36","date_gmt":"2014-05-15T14:25:36","guid":{"rendered":"http:\/\/cordobatimes.com\/showup\/?p=20279"},"modified":"2020-01-10T09:29:09","modified_gmt":"2020-01-10T12:29:09","slug":"me-veras-volver-hoy-se-cumplen-4-anos-del-ultimo-recital-de-ceratti","status":"publish","type":"post","link":"https:\/\/www.cordobatimes.com\/showup\/musica\/2014\/05\/15\/me-veras-volver-hoy-se-cumplen-4-anos-del-ultimo-recital-de-ceratti\/","title":{"rendered":"\u00abMe ver\u00e1s volver\u00bb: hoy se cumplen 4 a\u00f1os del \u00faltimo recital de Cerati"},"content":{"rendered":"<h3 style=\"text-align: justify;\"><b>El m\u00fasico permanece en coma luego de haber sufrido un ACV en su gira por Latinoam\u00e9rica. Gustavo se encontraba presentando \u00abFuerza Natural\u00bb en Caracas, Venezuela.<\/b><\/h3>\n<p style=\"text-align: justify;\">Generando una sorpresa y un duelo que comenz\u00f3 aquel 15 de mayo de 2010, miles de fan\u00e1ticos sue\u00f1an con que regrese, agarre su guitarra y nos deleite con un poco m\u00e1s de rock.<\/p>\n<p style=\"text-align: justify;\">Su madre, desde aquel d\u00eda no se separa de \u00e9l y en pleno aniversario decidi\u00f3 hablar del estado actual del astro de la m\u00fasica:\u00a0\u201cGustavito est\u00e1 entero y est\u00e1, no tiene muerte cerebral y eso es lo que nos alienta a continuar. Est\u00e1 muy bien atendido, desde el punto de vista m\u00e9dico. La otra parte que consideramos primordial es el amor que le brindamos todos los d\u00edas como familia. Todo lo que \u00e9l se propuso siempre lo logr\u00f3, as\u00ed que ahora espero que se proponga volver\u201d.<\/p>\n<p style=\"text-align: justify;\">Quizas, \u00abGus\u00bb decidi\u00f3 tener un poco de ganas de que lo <strong>traten suavemente<\/strong>, irse a pasear lejos de <strong>la ciudad de la furia<\/strong> y \u00a0esperar que <strong>pase el temblor<\/strong>.<\/p>\n<p style=\"text-align: justify;\">No lo tomemos mal, <strong>nada es personal<\/strong> y quiz\u00e1s todos estos \u00a0son <strong>signos<\/strong> de su <strong>doble vida<\/strong> o un <strong>puente<\/strong> directo al <strong>crimen<\/strong>.<\/p>\n<p style=\"text-align: justify;\">No desesperemos, a\u00fan nos queda la esperanza de que sea un<strong> Deja V\u00fa<\/strong> y que lo <strong>veamos volver<\/strong> de un d\u00eda para otro.<\/p>\n<p style=\"text-align: justify;\">No queremos un <strong>\u00abhasta siempre totales\u00bb<\/strong>, con vos no hay <strong>cosas imposibles<\/strong>; con <strong>tu locura<\/strong> no esperamos un r\u00e1pido <strong>\u00abadi\u00f3s\u00bb.<\/strong><\/p>\n<p><iframe loading=\"lazy\" src=\"\/\/www.youtube.com\/embed\/4o6CS_P8HTc\" width=\"560\" height=\"315\" frameborder=\"0\" allowfullscreen=\"allowfullscreen\"><\/iframe><\/p>\n","protected":false},"excerpt":{"rendered":"<p>El m\u00fasico permanece en coma luego de haber sufrido un ACV en su gira por Latinoam\u00e9rica. Gustavo se encontraba presentando \u00abFuerza Natural\u00bb en Caracas, Venezuela. Generando una sorpresa y un duelo que comenz\u00f3 aquel 15 de mayo de 2010, miles de fan\u00e1ticos sue\u00f1an con que regrese, agarre su guitarra y nos deleite con un poco [&hellip;]<\/p>\n","protected":false},"author":9,"featured_media":20280,"comment_status":"closed","ping_status":"closed","sticky":false,"template":"","format":"standard","meta":{"_seopress_robots_primary_cat":"","_seopress_titles_title":"","_seopress_titles_desc":"","_seopress_robots_index":"","footnotes":""},"categories":[5],"tags":[28014,28015],"class_list":{"0":"post-20279","1":"post","2":"type-post","3":"status-publish","4":"format-standard","5":"has-post-thumbnail","7":"category-musica","8":"tag-el-ultimo-recital-de-cerati","9":"tag-el-ultimo-recital-de-gustavo-cerati"},"_links":{"self":[{"href":"https:\/\/www.cordobatimes.com\/showup\/wp-json\/wp\/v2\/posts\/20279","targetHints":{"allow":["GET"]}}],"collection":[{"href":"https:\/\/www.cordobatimes.com\/showup\/wp-json\/wp\/v2\/posts"}],"about":[{"href":"https:\/\/www.cordobatimes.com\/showup\/wp-json\/wp\/v2\/types\/post"}],"author":[{"embeddable":true,"href":"https:\/\/www.cordobatimes.com\/showup\/wp-json\/wp\/v2\/users\/9"}],"replies":[{"embeddable":true,"href":"https:\/\/www.cordobatimes.com\/showup\/wp-json\/wp\/v2\/comments?post=20279"}],"version-history":[{"count":0,"href":"https:\/\/www.cordobatimes.com\/showup\/wp-json\/wp\/v2\/posts\/20279\/revisions"}],"wp:featuredmedia":[{"embeddable":true,"href":"https:\/\/www.cordobatimes.com\/showup\/wp-json\/wp\/v2\/media\/20280"}],"wp:attachment":[{"href":"https:\/\/www.cordobatimes.com\/showup\/wp-json\/wp\/v2\/media?parent=20279"}],"wp:term":[{"taxonomy":"category","embeddable":true,"href":"https:\/\/www.cordobatimes.com\/showup\/wp-json\/wp\/v2\/categories?post=20279"},{"taxonomy":"post_tag","embeddable":true,"href":"https:\/\/www.cordobatimes.com\/showup\/wp-json\/wp\/v2\/tags?post=20279"}],"curies":[{"name":"wp","href":"https:\/\/api.w.org\/{rel}","templated":true}]}}