{"id":20210,"date":"2014-05-14T14:03:00","date_gmt":"2014-05-14T17:03:00","guid":{"rendered":"http:\/\/cordobatimes.com\/showup\/?p=20210"},"modified":"2020-01-10T09:35:13","modified_gmt":"2020-01-10T12:35:13","slug":"waldo-navia-y-vanina-escudero-presentaron-a-benicio-fotos","status":"publish","type":"post","link":"https:\/\/www.cordobatimes.com\/showup\/famosos\/2014\/05\/14\/waldo-navia-y-vanina-escudero-presentaron-a-benicio-fotos\/","title":{"rendered":"Waldo Navia y Vanina Escudero presentaron a Benicio (Fotos)"},"content":{"rendered":"<h3 style=\"text-align: justify;\"><strong>La bailarina y el humorista realizaron una hermosa producci\u00f3n de fotos con su beb\u00e9, de un mes, para la revista Gente. <\/strong><\/h3>\n<p style=\"text-align: justify;\">\u00abLleg\u00f3 para alegrarnos la hermosa vida que tenemos. \u00c1lvaro, con todo lo que me hizo vivir, es el hombre de mi vida\u00bb, dijo Escudero.<\/p>\n<p style=\"text-align: justify;\">El s\u00e1bado 26 de abril, luego de tres a\u00f1os y varios tratamientos, Vanina Escudero y \u00c1lvaro Navia recibieron el mejor regalo de sus vidas. Benicio naci\u00f3 por ces\u00e1rea a las 22.30 horas en la cl\u00ednica Suizo Argentina y pes\u00f3 3,360 kilogramos.<\/p>\n<p style=\"text-align: justify;\">\u201cVanu comenz\u00f3 las contracciones mientras est\u00e1bamos almorzando en la casa de Denise Dumas y Campi. Llamamos a la partera y cuando los dolores se hicieron m\u00e1s fuertes, nos fuimos directo al sanatorio\u201d, recordaron, en una entrevista con la revista Gente.<\/p>\n<p style=\"text-align: justify;\">\u00abBenicio lleg\u00f3 para alegrarnos la hermosa vida que tenemos. Alvaro me acompa\u00f1\u00f3 a las clases de preparto, es un gran pap\u00e1. Con todo lo lindo que me hizo vivir confirmo que es el hombre de mi vida\u00bb, asegur\u00f3 Vanina enamorada de su marido y de su hijo.<\/p>\n<p style=\"text-align: justify;\">Por su parte, Navia indic\u00f3: \u00abVanina es una madraza, la mujer ideal. No quiere darle mamadera al beb\u00e9 porque sabe que lo mejor para \u00e9l es la leche materna\u00bb.<\/p>\n<p style=\"text-align: justify;\"><a href=\"http:\/\/cordobatimes.com\/showup\/wp-content\/uploads\/2014\/05\/waldo-1.jpg\"><img loading=\"lazy\" decoding=\"async\" class=\"alignnone size-full wp-image-20264\" src=\"http:\/\/cordobatimes.com\/showup\/wp-content\/uploads\/2014\/05\/waldo-1.jpg\" alt=\"waldo 1\" width=\"621\" height=\"465\" data-id=\"20264\" srcset=\"https:\/\/www.cordobatimes.com\/showup\/wp-content\/uploads\/2014\/05\/waldo-1.jpg 621w, https:\/\/www.cordobatimes.com\/showup\/wp-content\/uploads\/2014\/05\/waldo-1-300x224.jpg 300w, https:\/\/www.cordobatimes.com\/showup\/wp-content\/uploads\/2014\/05\/waldo-1-600x449.jpg 600w\" sizes=\"auto, (max-width: 621px) 100vw, 621px\" \/><\/a><\/p>\n<p style=\"text-align: justify;\"><a href=\"http:\/\/cordobatimes.com\/showup\/wp-content\/uploads\/2014\/05\/waldo-2.jpg\"><img loading=\"lazy\" decoding=\"async\" class=\"alignnone size-full wp-image-20265\" src=\"http:\/\/cordobatimes.com\/showup\/wp-content\/uploads\/2014\/05\/waldo-2.jpg\" alt=\"waldo 2\" width=\"621\" height=\"465\" data-id=\"20265\" srcset=\"https:\/\/www.cordobatimes.com\/showup\/wp-content\/uploads\/2014\/05\/waldo-2.jpg 621w, https:\/\/www.cordobatimes.com\/showup\/wp-content\/uploads\/2014\/05\/waldo-2-300x224.jpg 300w, https:\/\/www.cordobatimes.com\/showup\/wp-content\/uploads\/2014\/05\/waldo-2-600x449.jpg 600w\" sizes=\"auto, (max-width: 621px) 100vw, 621px\" \/><\/a><\/p>\n","protected":false},"excerpt":{"rendered":"<p>La bailarina y el humorista realizaron una hermosa producci\u00f3n de fotos con su beb\u00e9, de un mes, para la revista Gente. \u00abLleg\u00f3 para alegrarnos la hermosa vida que tenemos. \u00c1lvaro, con todo lo que me hizo vivir, es el hombre de mi vida\u00bb, dijo Escudero. El s\u00e1bado 26 de abril, luego de tres a\u00f1os y [&hellip;]<\/p>\n","protected":false},"author":9,"featured_media":20263,"comment_status":"closed","ping_status":"closed","sticky":false,"template":"","format":"standard","meta":{"_seopress_robots_primary_cat":"","_seopress_titles_title":"","_seopress_titles_desc":"","_seopress_robots_index":"","footnotes":""},"categories":[4],"tags":[28021,28022,28020],"class_list":{"0":"post-20210","1":"post","2":"type-post","3":"status-publish","4":"format-standard","5":"has-post-thumbnail","7":"category-famosos","8":"tag-benicio-hijo-de-waldo-navia-y-vanina-escudero","9":"tag-hijos-de-waldo-navia-y-vanina-escudero","10":"tag-waldo-navia-y-vanina-escudero"},"_links":{"self":[{"href":"https:\/\/www.cordobatimes.com\/showup\/wp-json\/wp\/v2\/posts\/20210","targetHints":{"allow":["GET"]}}],"collection":[{"href":"https:\/\/www.cordobatimes.com\/showup\/wp-json\/wp\/v2\/posts"}],"about":[{"href":"https:\/\/www.cordobatimes.com\/showup\/wp-json\/wp\/v2\/types\/post"}],"author":[{"embeddable":true,"href":"https:\/\/www.cordobatimes.com\/showup\/wp-json\/wp\/v2\/users\/9"}],"replies":[{"embeddable":true,"href":"https:\/\/www.cordobatimes.com\/showup\/wp-json\/wp\/v2\/comments?post=20210"}],"version-history":[{"count":0,"href":"https:\/\/www.cordobatimes.com\/showup\/wp-json\/wp\/v2\/posts\/20210\/revisions"}],"wp:featuredmedia":[{"embeddable":true,"href":"https:\/\/www.cordobatimes.com\/showup\/wp-json\/wp\/v2\/media\/20263"}],"wp:attachment":[{"href":"https:\/\/www.cordobatimes.com\/showup\/wp-json\/wp\/v2\/media?parent=20210"}],"wp:term":[{"taxonomy":"category","embeddable":true,"href":"https:\/\/www.cordobatimes.com\/showup\/wp-json\/wp\/v2\/categories?post=20210"},{"taxonomy":"post_tag","embeddable":true,"href":"https:\/\/www.cordobatimes.com\/showup\/wp-json\/wp\/v2\/tags?post=20210"}],"curies":[{"name":"wp","href":"https:\/\/api.w.org\/{rel}","templated":true}]}}