{"id":20119,"date":"2014-05-13T13:32:15","date_gmt":"2014-05-13T16:32:15","guid":{"rendered":"http:\/\/cordobatimes.com\/showup\/?p=20119"},"modified":"2020-01-10T13:35:42","modified_gmt":"2020-01-10T16:35:42","slug":"carta-documento-para-rocio-oliva-maradona-la-quiere-desalojar","status":"publish","type":"post","link":"https:\/\/www.cordobatimes.com\/showup\/famosos\/2014\/05\/13\/carta-documento-para-rocio-oliva-maradona-la-quiere-desalojar\/","title":{"rendered":"Carta Documento para Roc\u00edo Oliva: Maradona la quiere desalojar"},"content":{"rendered":"<h3 style=\"text-align: justify;\"><strong>Estos \u00faltimos d\u00edas le habr\u00eda llegado a la ex del Diez la orden de desahitar la casa que le hab\u00eda regalado el exfutbolista. \u00a0Enterate de todos los detalles, en esta nota.<\/strong><\/h3>\n<p style=\"text-align: justify;\">Seg\u00fan inform\u00f3 el periodista Sebasti\u00e1n Tempone en \u00abDesayuno americano\u00bb, en las \u00faltimas horas le lleg\u00f3 a Oliva una carta documento de parte de los abogados de Maradona, en donde le requieren que abandone la casa en un plazo no mayor a 10 d\u00edas.<\/p>\n<p style=\"text-align: justify;\">Recordemos que recientemente Oliva asegur\u00f3 \u00abni el Papa me saca de esta casa\u00bb.<\/p>\n<p style=\"text-align: justify;\">Tambi\u00e9n, luego de su separaci\u00f3n, la rubia confirm\u00f3 que tiene propuestas para realizar teatro en nuestro pa\u00eds y parece haberse amigado sorpresivamente con la prensa.<\/p>\n<p style=\"text-align: justify;\">Antes de toda esta pelea, y despu\u00e9s del compromiso el 14 de febrero en Roma, en marzo de 2014 se conoci\u00f3 la casa que Maradona le hab\u00eda regalado a Roc\u00edo en el barrio residencial de Bella Vista para que se instale con toda su familia y, seg\u00fan dijo Oliva, el futbolista hab\u00eda arreglado con su madre la estad\u00eda de ella y toda su familia en esa propiedad.<\/p>\n<p style=\"text-align: justify;\">Informaci\u00f3n: Ratingcero.com<\/p>\n","protected":false},"excerpt":{"rendered":"<p>Estos \u00faltimos d\u00edas le habr\u00eda llegado a la ex del Diez la orden de desahitar la casa que le hab\u00eda regalado el exfutbolista. \u00a0Enterate de todos los detalles, en esta nota. Seg\u00fan inform\u00f3 el periodista Sebasti\u00e1n Tempone en \u00abDesayuno americano\u00bb, en las \u00faltimas horas le lleg\u00f3 a Oliva una carta documento de parte de los [&hellip;]<\/p>\n","protected":false},"author":9,"featured_media":20143,"comment_status":"closed","ping_status":"closed","sticky":false,"template":"","format":"standard","meta":{"_seopress_robots_primary_cat":"","_seopress_titles_title":"","_seopress_titles_desc":"","_seopress_robots_index":"","footnotes":""},"categories":[4],"tags":[28047,6650],"class_list":{"0":"post-20119","1":"post","2":"type-post","3":"status-publish","4":"format-standard","5":"has-post-thumbnail","7":"category-famosos","8":"tag-carta-documento-de-diego-maradona-a-rocio-oliva","9":"tag-carta-documento-de-maradona-a-oliva"},"_links":{"self":[{"href":"https:\/\/www.cordobatimes.com\/showup\/wp-json\/wp\/v2\/posts\/20119","targetHints":{"allow":["GET"]}}],"collection":[{"href":"https:\/\/www.cordobatimes.com\/showup\/wp-json\/wp\/v2\/posts"}],"about":[{"href":"https:\/\/www.cordobatimes.com\/showup\/wp-json\/wp\/v2\/types\/post"}],"author":[{"embeddable":true,"href":"https:\/\/www.cordobatimes.com\/showup\/wp-json\/wp\/v2\/users\/9"}],"replies":[{"embeddable":true,"href":"https:\/\/www.cordobatimes.com\/showup\/wp-json\/wp\/v2\/comments?post=20119"}],"version-history":[{"count":0,"href":"https:\/\/www.cordobatimes.com\/showup\/wp-json\/wp\/v2\/posts\/20119\/revisions"}],"wp:featuredmedia":[{"embeddable":true,"href":"https:\/\/www.cordobatimes.com\/showup\/wp-json\/wp\/v2\/media\/20143"}],"wp:attachment":[{"href":"https:\/\/www.cordobatimes.com\/showup\/wp-json\/wp\/v2\/media?parent=20119"}],"wp:term":[{"taxonomy":"category","embeddable":true,"href":"https:\/\/www.cordobatimes.com\/showup\/wp-json\/wp\/v2\/categories?post=20119"},{"taxonomy":"post_tag","embeddable":true,"href":"https:\/\/www.cordobatimes.com\/showup\/wp-json\/wp\/v2\/tags?post=20119"}],"curies":[{"name":"wp","href":"https:\/\/api.w.org\/{rel}","templated":true}]}}