{"id":20091,"date":"2014-05-13T12:13:23","date_gmt":"2014-05-13T15:13:23","guid":{"rendered":"http:\/\/cordobatimes.com\/showup\/?p=20091"},"modified":"2020-01-10T13:50:13","modified_gmt":"2020-01-10T16:50:13","slug":"conflicto-en-guapas-se-viene-otro-farsantes","status":"publish","type":"post","link":"https:\/\/www.cordobatimes.com\/showup\/tv\/2014\/05\/13\/conflicto-en-guapas-se-viene-otro-farsantes\/","title":{"rendered":"Conflicto en \u00abGuapas\u00bb, \u00bfSe viene otro \u00abFarsantes\u00bb?"},"content":{"rendered":"<h3 style=\"text-align: justify;\"><strong>Dady Brieva expres\u00f3 su malestar por el ritmo que adquiri\u00f3 la divertida ficci\u00f3n a partir del recorte que sufri\u00f3 desde el debut de \u201cShowMatch\u201d<\/strong><\/h3>\n<p style=\"text-align: justify;\">En di\u00e1logo con Revista Continental, programa de Radio Continental Mar del Plata, Dady no ocult\u00f3 su bronca por la edici\u00f3n del programa.<\/p>\n<p style=\"text-align: justify;\">\u201cEst\u00e1 lindo en que es antizapping, que te propone algo de videoclip. Como est\u00e9tica es novedosa pero ser\u00eda bueno que uno lo sepa cuando arranca, as\u00ed no trabaj\u00e1s al pedo\u201d, se quej\u00f3.<\/p>\n<p style=\"text-align: justify;\">\u201cEn esta vertiginosidad en la que se vive, van cortando y cortando los cap\u00edtulos. Los cuentos de Landriscina ten\u00edan un tiempo, si vamos a hacer una asociaci\u00f3n de chistes no estamos poniendo el cuento y se va perdiendo la esencia\u201d, remarc\u00f3.<\/p>\n<p style=\"text-align: justify;\">\u201cCuando labur\u00e1s pod\u00e9s hacer dos cosas: ir, cobrar y listo o ponerte la camiseta y tratar de salir adelante. A m\u00ed me pasa lo segundo cuando engancho los proyectos\u201d, explic\u00f3.<\/p>\n<p style=\"text-align: justify;\">\u201cEn lo que no estoy de acuerdo lo digo para no caretearla. Lo digo porque me gusta lo que hago, soy feliz y hay mucha gente que trabaja para que eso ocurra y salga bien\u201d, agreg\u00f3.<\/p>\n<p style=\"text-align: justify;\">Adem\u00e1s, indic\u00f3 que la ficci\u00f3n \u201csurgi\u00f3 con 120 cap\u00edtulos que terminan el 30 de julio, entonces cuando firmo en enero-febrero empec\u00e9 a programar el segundo semestre del a\u00f1o\u201d.<\/p>\n<p style=\"text-align: justify;\">\u201cPor supuesto que no me quiero ir si la historia se extiende, pero tampoco estoy para ver si cocinamos pollo, asado o pastas, que no me tengan haciendo el juego y despu\u00e9s me cambien seg\u00fan c\u00f3mo va la programaci\u00f3n porque uno tiene su vida\u201c, cerr\u00f3 el humorista, que estar\u00e1 present\u00e1ndose con Dadyman el s\u00e1bado 17 de mayo en el Teatro G\u00fcemes de Mar del Plata, y el viernes 16 en el Teatro Municipal de Balcarce.<\/p>\n<p style=\"text-align: justify;\">\u00bfSer\u00e1 \u00abGuapas\u00bb el nuevo \u00abFarsantes\u00bb?<\/p>\n","protected":false},"excerpt":{"rendered":"<p>Dady Brieva expres\u00f3 su malestar por el ritmo que adquiri\u00f3 la divertida ficci\u00f3n a partir del recorte que sufri\u00f3 desde el debut de \u201cShowMatch\u201d En di\u00e1logo con Revista Continental, programa de Radio Continental Mar del Plata, Dady no ocult\u00f3 su bronca por la edici\u00f3n del programa. \u201cEst\u00e1 lindo en que es antizapping, que te propone [&hellip;]<\/p>\n","protected":false},"author":9,"featured_media":20098,"comment_status":"closed","ping_status":"closed","sticky":false,"template":"","format":"standard","meta":{"_seopress_robots_primary_cat":"","_seopress_titles_title":"","_seopress_titles_desc":"","_seopress_robots_index":"","footnotes":""},"categories":[2],"tags":[28052,28053],"class_list":{"0":"post-20091","1":"post","2":"type-post","3":"status-publish","4":"format-standard","5":"has-post-thumbnail","7":"category-tv","8":"tag-conflicto-en-guapas","9":"tag-dady-brieva-guapas"},"_links":{"self":[{"href":"https:\/\/www.cordobatimes.com\/showup\/wp-json\/wp\/v2\/posts\/20091","targetHints":{"allow":["GET"]}}],"collection":[{"href":"https:\/\/www.cordobatimes.com\/showup\/wp-json\/wp\/v2\/posts"}],"about":[{"href":"https:\/\/www.cordobatimes.com\/showup\/wp-json\/wp\/v2\/types\/post"}],"author":[{"embeddable":true,"href":"https:\/\/www.cordobatimes.com\/showup\/wp-json\/wp\/v2\/users\/9"}],"replies":[{"embeddable":true,"href":"https:\/\/www.cordobatimes.com\/showup\/wp-json\/wp\/v2\/comments?post=20091"}],"version-history":[{"count":0,"href":"https:\/\/www.cordobatimes.com\/showup\/wp-json\/wp\/v2\/posts\/20091\/revisions"}],"wp:featuredmedia":[{"embeddable":true,"href":"https:\/\/www.cordobatimes.com\/showup\/wp-json\/wp\/v2\/media\/20098"}],"wp:attachment":[{"href":"https:\/\/www.cordobatimes.com\/showup\/wp-json\/wp\/v2\/media?parent=20091"}],"wp:term":[{"taxonomy":"category","embeddable":true,"href":"https:\/\/www.cordobatimes.com\/showup\/wp-json\/wp\/v2\/categories?post=20091"},{"taxonomy":"post_tag","embeddable":true,"href":"https:\/\/www.cordobatimes.com\/showup\/wp-json\/wp\/v2\/tags?post=20091"}],"curies":[{"name":"wp","href":"https:\/\/api.w.org\/{rel}","templated":true}]}}