{"id":20013,"date":"2014-05-12T18:57:18","date_gmt":"2014-05-12T21:57:18","guid":{"rendered":"http:\/\/cordobatimes.com\/showup\/?p=20013"},"modified":"2020-01-10T16:19:57","modified_gmt":"2020-01-10T19:19:57","slug":"pampita-embarazo-confirmado","status":"publish","type":"post","link":"https:\/\/www.cordobatimes.com\/showup\/famosos\/2014\/05\/12\/pampita-embarazo-confirmado\/","title":{"rendered":"Pampita, \u00bfembarazo m\u00e1s que confirmado?"},"content":{"rendered":"<h3 style=\"text-align: justify;\"><strong>Carolina Ardohain fue captada por las c\u00e1maras de Intrusos de Chile en la Cl\u00ednica Las Condes mientras aguardaba para hacerse un chequeo que se realizan las mujeres que est\u00e1n en la dulce espera. Adem\u00e1s, ese mismo medio indica que la modelo estar\u00eda de 4 meses y tendr\u00eda una nena.<\/strong><\/h3>\n<p style=\"text-align: justify;\">A principios de abril comenz\u00f3 a surgir el rumor de que Carolina \u00abPampita\u00bb Ardohain estaba embarazada nuevamente. Sin embargo, la modelo se encarg\u00f3 de desmentirlo r\u00e1pidamente: \u201cNo estoy embarazada, no s\u00e9 de d\u00f3nde habr\u00e1 salido esa informaci\u00f3n\u201d, asegur\u00f3.<\/p>\n<p style=\"text-align: justify;\">Pero una imagen vale m\u00e1s que mil palabras. Finalmente, a pesar de negar que va a tener otro hijo, la modelo fue captada por las c\u00e1maras de la versi\u00f3n de \u00abIntrusos\u00bb trasandina en la sala de espera de la Cl\u00ednica Las Condes de Santiago de Chile, donde fue para realizarse un control obst\u00e9trico. Seg\u00fan la informaci\u00f3n que maneja el programa, la mujer de Benjam\u00edn Vicu\u00f1a estar\u00eda embarazada de m\u00e1s de cuatro meses y esperar\u00eda una nena.<\/p>\n<p style=\"text-align: justify;\">As\u00ed, la modelo est\u00e1 en la \u00abdulce espera\u00bb por cuarta vez, luego de los nacimientos de Bautista (6) y Beltr\u00e1n (2). Adem\u00e1s de Blanquita, quien falleci\u00f3 en 2012, cuando ten\u00eda seis a\u00f1os de edad.<\/p>\n<p style=\"text-align: justify;\">Informaci\u00f3n: diarioshow.com<\/p>\n<p>&nbsp;<\/p>\n","protected":false},"excerpt":{"rendered":"<p>Carolina Ardohain fue captada por las c\u00e1maras de Intrusos de Chile en la Cl\u00ednica Las Condes mientras aguardaba para hacerse un chequeo que se realizan las mujeres que est\u00e1n en la dulce espera. Adem\u00e1s, ese mismo medio indica que la modelo estar\u00eda de 4 meses y tendr\u00eda una nena. A principios de abril comenz\u00f3 a [&hellip;]<\/p>\n","protected":false},"author":9,"featured_media":20038,"comment_status":"closed","ping_status":"closed","sticky":false,"template":"","format":"standard","meta":{"_seopress_robots_primary_cat":"","_seopress_titles_title":"","_seopress_titles_desc":"","_seopress_robots_index":"","footnotes":""},"categories":[4],"tags":[5342,25507],"class_list":{"0":"post-20013","1":"post","2":"type-post","3":"status-publish","4":"format-standard","5":"has-post-thumbnail","7":"category-famosos","8":"tag-pampita-embarazada","9":"tag-pampita-y-benjamin-vicuna"},"_links":{"self":[{"href":"https:\/\/www.cordobatimes.com\/showup\/wp-json\/wp\/v2\/posts\/20013","targetHints":{"allow":["GET"]}}],"collection":[{"href":"https:\/\/www.cordobatimes.com\/showup\/wp-json\/wp\/v2\/posts"}],"about":[{"href":"https:\/\/www.cordobatimes.com\/showup\/wp-json\/wp\/v2\/types\/post"}],"author":[{"embeddable":true,"href":"https:\/\/www.cordobatimes.com\/showup\/wp-json\/wp\/v2\/users\/9"}],"replies":[{"embeddable":true,"href":"https:\/\/www.cordobatimes.com\/showup\/wp-json\/wp\/v2\/comments?post=20013"}],"version-history":[{"count":0,"href":"https:\/\/www.cordobatimes.com\/showup\/wp-json\/wp\/v2\/posts\/20013\/revisions"}],"wp:featuredmedia":[{"embeddable":true,"href":"https:\/\/www.cordobatimes.com\/showup\/wp-json\/wp\/v2\/media\/20038"}],"wp:attachment":[{"href":"https:\/\/www.cordobatimes.com\/showup\/wp-json\/wp\/v2\/media?parent=20013"}],"wp:term":[{"taxonomy":"category","embeddable":true,"href":"https:\/\/www.cordobatimes.com\/showup\/wp-json\/wp\/v2\/categories?post=20013"},{"taxonomy":"post_tag","embeddable":true,"href":"https:\/\/www.cordobatimes.com\/showup\/wp-json\/wp\/v2\/tags?post=20013"}],"curies":[{"name":"wp","href":"https:\/\/api.w.org\/{rel}","templated":true}]}}