{"id":19868,"date":"2014-05-11T13:25:21","date_gmt":"2014-05-11T16:25:21","guid":{"rendered":"http:\/\/cordobatimes.com\/showup\/?p=19868"},"modified":"2020-01-11T08:14:29","modified_gmt":"2020-01-11T11:14:29","slug":"multifacetico-johnny-deep-ahora-rubio-engominado-y-con-un-gran-bigote","status":"publish","type":"post","link":"https:\/\/www.cordobatimes.com\/showup\/cine-y-series\/2014\/05\/11\/multifacetico-johnny-deep-ahora-rubio-engominado-y-con-un-gran-bigote\/","title":{"rendered":"Multifac\u00e9tico Johnny Depp: ahora rubio, engominado y con un gran bigote"},"content":{"rendered":"<h3 style=\"text-align: justify;\"><strong>As\u00ed aparece el actor en la primera imagen oficial de \u00abMortdecai\u00bb, el thriller de espionaje de David Koepp en el que comparte cartel con Gwyneth Paltrow, Ewan McGregor, Paul Bettany y Olivia Munn.<\/strong><\/h3>\n<p style=\"text-align: justify;\">Deep es un hombre de muchas caras, pero esta vez no vemos transformaciones radicales para interpretar al terrorista internacional y marchante de arte Charlie Mortdecai.<\/p>\n<p style=\"text-align: justify;\">La cinta es una adaptaci\u00f3n de la famosa trilog\u00eda de comedia negra de Kyril Bonfiglioli, por lo que Lionsgate no descarta convertirla en una franquicia.<\/p>\n<p style=\"text-align: justify;\">El int\u00e9rprete ya hab\u00eda manifestado el especial cari\u00f1o que tiene por un personaje al que considera \u00abmuy interesante\u00bb es asi que Johnny se pone en la piel de un p\u00edcaro y adinerado individuo que habitualmente se ve involucrado en extra\u00f1os casos de delito y espionaje.<\/p>\n<p style=\"text-align: justify;\">Mortdecai tendr\u00e1 que recuperar una pintura robada que contiene el c\u00f3digo de una cuenta bancaria (llena de oro de la \u00e9poca nazi). Para ello, deber\u00e1 luchar contra rusos, el servicio de seguridad brit\u00e1nico, una mujer atractiva y un terrorista internacional.<\/p>\n<p style=\"text-align: justify;\">La cinta llegar\u00e1 a la gran pantalla el 6 de febrero de 2015 con Carly Steel, Aubrey Plaza, Jamie Bernadette, Camilla Marie Beeput, y Ashley Leilani completando el reparto.<\/p>\n","protected":false},"excerpt":{"rendered":"<p>As\u00ed aparece el actor en la primera imagen oficial de \u00abMortdecai\u00bb, el thriller de espionaje de David Koepp en el que comparte cartel con Gwyneth Paltrow, Ewan McGregor, Paul Bettany y Olivia Munn. Deep es un hombre de muchas caras, pero esta vez no vemos transformaciones radicales para interpretar al terrorista internacional y marchante de [&hellip;]<\/p>\n","protected":false},"author":9,"featured_media":19875,"comment_status":"closed","ping_status":"closed","sticky":false,"template":"","format":"standard","meta":{"_seopress_robots_primary_cat":"","_seopress_titles_title":"","_seopress_titles_desc":"","_seopress_robots_index":"","footnotes":""},"categories":[3],"tags":[28078,28077],"class_list":{"0":"post-19868","1":"post","2":"type-post","3":"status-publish","4":"format-standard","5":"has-post-thumbnail","7":"category-cine-y-series","8":"tag-johnny-depp-charlie-mortdecai","9":"tag-johnny-depp-mortdecai"},"_links":{"self":[{"href":"https:\/\/www.cordobatimes.com\/showup\/wp-json\/wp\/v2\/posts\/19868","targetHints":{"allow":["GET"]}}],"collection":[{"href":"https:\/\/www.cordobatimes.com\/showup\/wp-json\/wp\/v2\/posts"}],"about":[{"href":"https:\/\/www.cordobatimes.com\/showup\/wp-json\/wp\/v2\/types\/post"}],"author":[{"embeddable":true,"href":"https:\/\/www.cordobatimes.com\/showup\/wp-json\/wp\/v2\/users\/9"}],"replies":[{"embeddable":true,"href":"https:\/\/www.cordobatimes.com\/showup\/wp-json\/wp\/v2\/comments?post=19868"}],"version-history":[{"count":0,"href":"https:\/\/www.cordobatimes.com\/showup\/wp-json\/wp\/v2\/posts\/19868\/revisions"}],"wp:featuredmedia":[{"embeddable":true,"href":"https:\/\/www.cordobatimes.com\/showup\/wp-json\/wp\/v2\/media\/19875"}],"wp:attachment":[{"href":"https:\/\/www.cordobatimes.com\/showup\/wp-json\/wp\/v2\/media?parent=19868"}],"wp:term":[{"taxonomy":"category","embeddable":true,"href":"https:\/\/www.cordobatimes.com\/showup\/wp-json\/wp\/v2\/categories?post=19868"},{"taxonomy":"post_tag","embeddable":true,"href":"https:\/\/www.cordobatimes.com\/showup\/wp-json\/wp\/v2\/tags?post=19868"}],"curies":[{"name":"wp","href":"https:\/\/api.w.org\/{rel}","templated":true}]}}