{"id":19860,"date":"2014-05-11T13:51:02","date_gmt":"2014-05-11T16:51:02","guid":{"rendered":"http:\/\/cordobatimes.com\/showup\/?p=19860"},"modified":"2020-01-11T08:11:50","modified_gmt":"2020-01-11T11:11:50","slug":"el-joker-estara-en-la-serie-que-traera-la-historia-de-batman-a-la-television","status":"publish","type":"post","link":"https:\/\/www.cordobatimes.com\/showup\/tv\/2014\/05\/11\/el-joker-estara-en-la-serie-que-traera-la-historia-de-batman-a-la-television\/","title":{"rendered":"El \u00abJoker\u00bb estar\u00e1 en la serie que traer\u00e1 la historia de Batman a la televisi\u00f3n"},"content":{"rendered":"<h3 style=\"text-align: justify;\"><strong>El guionista Bruno Heller confirm\u00f3 en una entrevista a Entertainment Weekly que el reconocido personaje formar\u00e1 parte de \u00abGotham\u00bb&#8216;.<\/strong><\/h3>\n<p style=\"text-align: justify;\">\u00abEl Joker es la joya de corona de los villanos de Batman\u00bb. Con estas palabras \u00a0se refiri\u00f3 sobre el personaje al que dieron vida en la gran pantalla unos legendarios Jack Nicholson y Heath Ledger.<\/p>\n<p style=\"text-align: justify;\">\u00abCon &#8216;Gotham&#8217; queremos darles a los fans lo que quieren\u00bb, afirm\u00f3 Heller. \u00abNo puedo decir cuando aparecer\u00e1 cada personaje, eso har\u00eda que la serie perdiera fuerza, adem\u00e1s muchos de ellos estar\u00e1n camuflados de alguna manera aunque otros c\u00f3mo Ping\u00fcino, se reconocer\u00e1n a simple vista\u00bb, revel\u00f3.<\/p>\n<p style=\"text-align: justify;\">Heller afirm\u00f3 que en \u00abGotham\u00bb hay \u00abmucho que contar\u00bb, y que ser\u00e1 muy interesante poder expandir el universo de \u00abBatman\u00bb sin la presencia del hombre murci\u00e9lago.<\/p>\n<p style=\"text-align: justify;\">\u00abEn algunas ocasiones parece que el superh\u00e9roe es quien tiene todo el peso de la acci\u00f3n, por lo que la gente no es consciente de los muchos secretos y tramas del mundo de &#8216;Batman&#8217; as\u00ed que &#8216;Gotham&#8217; explotar\u00e1 todos esos argumentos\u00bb.<\/p>\n<p>&nbsp;<\/p>\n","protected":false},"excerpt":{"rendered":"<p>El guionista Bruno Heller confirm\u00f3 en una entrevista a Entertainment Weekly que el reconocido personaje formar\u00e1 parte de \u00abGotham\u00bb&#8216;. \u00abEl Joker es la joya de corona de los villanos de Batman\u00bb. Con estas palabras \u00a0se refiri\u00f3 sobre el personaje al que dieron vida en la gran pantalla unos legendarios Jack Nicholson y Heath Ledger. \u00abCon [&hellip;]<\/p>\n","protected":false},"author":9,"featured_media":19881,"comment_status":"closed","ping_status":"closed","sticky":false,"template":"","format":"standard","meta":{"_seopress_robots_primary_cat":"","_seopress_titles_title":"","_seopress_titles_desc":"","_seopress_robots_index":"","footnotes":""},"categories":[2],"tags":[28075,28076],"class_list":{"0":"post-19860","1":"post","2":"type-post","3":"status-publish","4":"format-standard","5":"has-post-thumbnail","7":"category-tv","8":"tag-el-joker-historia-de-batman","9":"tag-el-joker-gotham"},"_links":{"self":[{"href":"https:\/\/www.cordobatimes.com\/showup\/wp-json\/wp\/v2\/posts\/19860","targetHints":{"allow":["GET"]}}],"collection":[{"href":"https:\/\/www.cordobatimes.com\/showup\/wp-json\/wp\/v2\/posts"}],"about":[{"href":"https:\/\/www.cordobatimes.com\/showup\/wp-json\/wp\/v2\/types\/post"}],"author":[{"embeddable":true,"href":"https:\/\/www.cordobatimes.com\/showup\/wp-json\/wp\/v2\/users\/9"}],"replies":[{"embeddable":true,"href":"https:\/\/www.cordobatimes.com\/showup\/wp-json\/wp\/v2\/comments?post=19860"}],"version-history":[{"count":0,"href":"https:\/\/www.cordobatimes.com\/showup\/wp-json\/wp\/v2\/posts\/19860\/revisions"}],"wp:featuredmedia":[{"embeddable":true,"href":"https:\/\/www.cordobatimes.com\/showup\/wp-json\/wp\/v2\/media\/19881"}],"wp:attachment":[{"href":"https:\/\/www.cordobatimes.com\/showup\/wp-json\/wp\/v2\/media?parent=19860"}],"wp:term":[{"taxonomy":"category","embeddable":true,"href":"https:\/\/www.cordobatimes.com\/showup\/wp-json\/wp\/v2\/categories?post=19860"},{"taxonomy":"post_tag","embeddable":true,"href":"https:\/\/www.cordobatimes.com\/showup\/wp-json\/wp\/v2\/tags?post=19860"}],"curies":[{"name":"wp","href":"https:\/\/api.w.org\/{rel}","templated":true}]}}