{"id":1986,"date":"2013-11-04T15:43:31","date_gmt":"2013-11-04T18:43:31","guid":{"rendered":"http:\/\/www.cordobatimes.com\/?p=1986"},"modified":"2025-10-28T18:50:34","modified_gmt":"2025-10-28T21:50:34","slug":"los-simpsons-se-despidieron-de-la-srta-krabbaple","status":"publish","type":"post","link":"https:\/\/www.cordobatimes.com\/showup\/cine-y-series\/2013\/11\/04\/los-simpsons-se-despidieron-de-la-srta-krabbaple\/","title":{"rendered":"Los Simpsons se despidieron de \u201cLa Srta Krabappel\u201d"},"content":{"rendered":"<h3><strong>Bart Simpson le dio el \u00faltimo adi\u00f3s a su maestra, Edna Krabappel, cuya dobladora falleci\u00f3 hace unas semanas. Mir\u00e1 los detalles en esta nota.<\/strong><\/h3>\n<p style=\"text-align: justify;\">\u00abTe echaremos de menos Srta. K\u00bb (\u00abWe&#8217;ll miss you Mrs. K\u00bb). Con este emotivo mensaje, escrito del pu\u00f1o y letra de Bart Simpson en la pizarra de clase, la serie norteamericana Los Simpsons despidi\u00f3 a Marcia Wallace, la actriz que puso voz a la maestra Edna Krabappel fallecida hace unos d\u00edas.<\/p>\n<p style=\"text-align: justify;\">En el mismo aula en la que tantas veces como cap\u00edtulos tiene la tira creada por Matt Groening, Bart Simpson dio el \u00faltimo adi\u00f3s a su profesora y le rindi\u00f3 as\u00ed su particular homenaje en la cabecera del cap\u00edtulo \u00abFour Regrettings and a Funeral\u00bb.<\/p>\n<p style=\"text-align: justify;\">La propia Nancy Cartwright, la mujer que pone voz a Bart Simpson, entre otros personajes de la serie, afirm\u00f3 que su personaje, Bart, la echar\u00eda mucho de menos. \u00abDe todos los ni\u00f1os de la escuela, fue con Bart con quien Edna tuvo una relaci\u00f3n, digamos, m\u00e1s amorosa. Creo que \u00e9l le dio un poco m\u00e1s de felicidad a la profesora\u00bb, apunt\u00f3.<\/p>\n<p style=\"text-align: justify;\">Wallace falleci\u00f3 v\u00edctima de un c\u00e1ncer de mama a los 70 a\u00f1os y los productores de la serie han decidido que su personaje tampoco contin\u00fae en la serie.<\/p>\n<p style=\"text-align: justify;\">La actriz, por su trabajo siendo la voz de Edna Krabappel, fue reconocida con un premio Emmy en 1994.<\/p>\n<p style=\"text-align: justify;\">El productor de la serie, Al Jean afirm\u00f3: \u00abEstoy tremendamente triste tras conocer la muerte de la brillante Marcia Wallace. Era muy querida por todos en Los Simpson y tenemos la intenci\u00f3n de retirar a su irremplazable personaje\u00bb<\/p>\n<p>&nbsp;<\/p>\n","protected":false},"excerpt":{"rendered":"<p>Bart Simpson le dio el \u00faltimo adi\u00f3s a su maestra, Edna Krabappel, cuya dobladora falleci\u00f3 hace unas semanas. Mir\u00e1 los detalles en esta nota. \u00abTe echaremos de menos Srta. K\u00bb (\u00abWe&#8217;ll miss you Mrs. K\u00bb). Con este emotivo mensaje, escrito del pu\u00f1o y letra de Bart Simpson en la pizarra de clase, la serie norteamericana [&hellip;]<\/p>\n","protected":false},"author":8,"featured_media":62917,"comment_status":"closed","ping_status":"closed","sticky":false,"template":"","format":"video","meta":{"_seopress_robots_primary_cat":"none","_seopress_titles_title":"","_seopress_titles_desc":"","_seopress_robots_index":"","footnotes":""},"categories":[3],"tags":[26388,26387,28147,28148],"class_list":{"0":"post-1986","1":"post","2":"type-post","3":"status-publish","4":"format-video","5":"has-post-thumbnail","7":"category-cine-y-series","8":"tag-bart-simpson-edna-krabappel","9":"tag-los-simpsons-la-srta-krabbaple","10":"tag-muerte-de-edna-krabappel","11":"tag-well-miss-you-mrs-k","12":"post_format-post-format-video"},"_links":{"self":[{"href":"https:\/\/www.cordobatimes.com\/showup\/wp-json\/wp\/v2\/posts\/1986","targetHints":{"allow":["GET"]}}],"collection":[{"href":"https:\/\/www.cordobatimes.com\/showup\/wp-json\/wp\/v2\/posts"}],"about":[{"href":"https:\/\/www.cordobatimes.com\/showup\/wp-json\/wp\/v2\/types\/post"}],"author":[{"embeddable":true,"href":"https:\/\/www.cordobatimes.com\/showup\/wp-json\/wp\/v2\/users\/8"}],"replies":[{"embeddable":true,"href":"https:\/\/www.cordobatimes.com\/showup\/wp-json\/wp\/v2\/comments?post=1986"}],"version-history":[{"count":0,"href":"https:\/\/www.cordobatimes.com\/showup\/wp-json\/wp\/v2\/posts\/1986\/revisions"}],"wp:featuredmedia":[{"embeddable":true,"href":"https:\/\/www.cordobatimes.com\/showup\/wp-json\/wp\/v2\/media\/62917"}],"wp:attachment":[{"href":"https:\/\/www.cordobatimes.com\/showup\/wp-json\/wp\/v2\/media?parent=1986"}],"wp:term":[{"taxonomy":"category","embeddable":true,"href":"https:\/\/www.cordobatimes.com\/showup\/wp-json\/wp\/v2\/categories?post=1986"},{"taxonomy":"post_tag","embeddable":true,"href":"https:\/\/www.cordobatimes.com\/showup\/wp-json\/wp\/v2\/tags?post=1986"}],"curies":[{"name":"wp","href":"https:\/\/api.w.org\/{rel}","templated":true}]}}