{"id":19854,"date":"2014-05-11T14:12:26","date_gmt":"2014-05-11T17:12:26","guid":{"rendered":"http:\/\/cordobatimes.com\/showup\/?p=19854"},"modified":"2020-01-11T07:57:12","modified_gmt":"2020-01-11T10:57:12","slug":"viudas-e-hijas-del-rock-and-roll-lo-nuevo-de-telefe","status":"publish","type":"post","link":"https:\/\/www.cordobatimes.com\/showup\/tv\/2014\/05\/11\/viudas-e-hijas-del-rock-and-roll-lo-nuevo-de-telefe\/","title":{"rendered":"\u00abViudas e hijas del Rock and Roll\u00bb: Lo nuevo de Telefe"},"content":{"rendered":"<h3 style=\"text-align: justify;\"><strong>Esta semana comenzaron las grabaciones de \u00abViudas e hijas del rock and roll\u00bb, la innovadora apuesta de Sebasti\u00e1n Ortega \u00a0para la segunda mitad del a\u00f1o, cuando termine el Mundial.<\/strong><\/h3>\n<p style=\"text-align: justify;\">Paola Barrientos, Mex Urtizberea, Luis Brandoni, Georgina Barbarossa, Griselda Siciliani, Marcelo Mazzarello, Hugo Arana, Dam\u00edan De Santo, Ludovico Di Santo, Nicol\u00e1s Francella, Dar\u00edo Lopilato, Julieta Ortega, Fern\u00e1n Mir\u00e1s, Maju Lozano, entre otros grandes actores completan el elenco de la ficci\u00f3n.<\/p>\n<p style=\"text-align: justify;\">Las primeras escenas se grabaron en las playas de Villa Gesell y Pablo Culell, productor de la tira, en di\u00e1logo con diario Clar\u00edn, explic\u00f3: \u00abLa historia comienza en esa ciudad. Se sit\u00faa a finales de los ochenta y principios de los noventa con el auge del rock nacional. Grabamos en sus playas, calles, ferias hippies. Es una ciudad que qued\u00f3 como caracterizada en aquella \u00e9poca\u00bb.<\/p>\n<p style=\"text-align: justify;\">En las playas de Gesell fue donde Roby (Lalo Mir) fund\u00f3 lo que ser\u00eda su imperio radial. Desde all\u00ed el conductor difund\u00eda la m\u00fasica, hac\u00eda fiestas y recitales. A \u00e9l lo acompa\u00f1aba su hija Miranda (Paola Barrientos) y la mejor amiga de ella, Sandra (Julieta Ortega). All\u00ed fue donde Miranda pas\u00f3 los m\u00e1s lindos veranos y conoci\u00f3 al amor de su vida, Diego (Dami\u00e1n de Santo) hasta que, en una noche de fiesta en la emisora, Miranda descubre a su mejor amiga a los besos con su padre. Patea el tablero, rompe con todos sus v\u00ednculos y se va para siempre.<\/p>\n<p style=\"text-align: justify;\">Muchos a\u00f1os despu\u00e9s, cuando el personaje de Lalo Mir muere, Miranda se vuelve a topar en el entierro con su ex amiga, madre de sus dos hermanastras y ahora viuda de su padre. Con ella deber\u00e1 compartir la radio que le dej\u00f3 su padre y volver a recordar el pasado que siempre trat\u00f3 de olvidar.<\/p>\n<p style=\"text-align: justify;\">Informaci\u00f3n: ratingcero.com<\/p>\n","protected":false},"excerpt":{"rendered":"<p>Esta semana comenzaron las grabaciones de \u00abViudas e hijas del rock and roll\u00bb, la innovadora apuesta de Sebasti\u00e1n Ortega \u00a0para la segunda mitad del a\u00f1o, cuando termine el Mundial. Paola Barrientos, Mex Urtizberea, Luis Brandoni, Georgina Barbarossa, Griselda Siciliani, Marcelo Mazzarello, Hugo Arana, Dam\u00edan De Santo, Ludovico Di Santo, Nicol\u00e1s Francella, Dar\u00edo Lopilato, Julieta Ortega, [&hellip;]<\/p>\n","protected":false},"author":9,"featured_media":19884,"comment_status":"closed","ping_status":"closed","sticky":false,"template":"","format":"standard","meta":{"_seopress_robots_primary_cat":"","_seopress_titles_title":"","_seopress_titles_desc":"","_seopress_robots_index":"","footnotes":""},"categories":[2],"tags":[6576],"class_list":{"0":"post-19854","1":"post","2":"type-post","3":"status-publish","4":"format-standard","5":"has-post-thumbnail","7":"category-tv","8":"tag-viudas-e-hijos-del-rock-and-roll"},"_links":{"self":[{"href":"https:\/\/www.cordobatimes.com\/showup\/wp-json\/wp\/v2\/posts\/19854","targetHints":{"allow":["GET"]}}],"collection":[{"href":"https:\/\/www.cordobatimes.com\/showup\/wp-json\/wp\/v2\/posts"}],"about":[{"href":"https:\/\/www.cordobatimes.com\/showup\/wp-json\/wp\/v2\/types\/post"}],"author":[{"embeddable":true,"href":"https:\/\/www.cordobatimes.com\/showup\/wp-json\/wp\/v2\/users\/9"}],"replies":[{"embeddable":true,"href":"https:\/\/www.cordobatimes.com\/showup\/wp-json\/wp\/v2\/comments?post=19854"}],"version-history":[{"count":0,"href":"https:\/\/www.cordobatimes.com\/showup\/wp-json\/wp\/v2\/posts\/19854\/revisions"}],"wp:featuredmedia":[{"embeddable":true,"href":"https:\/\/www.cordobatimes.com\/showup\/wp-json\/wp\/v2\/media\/19884"}],"wp:attachment":[{"href":"https:\/\/www.cordobatimes.com\/showup\/wp-json\/wp\/v2\/media?parent=19854"}],"wp:term":[{"taxonomy":"category","embeddable":true,"href":"https:\/\/www.cordobatimes.com\/showup\/wp-json\/wp\/v2\/categories?post=19854"},{"taxonomy":"post_tag","embeddable":true,"href":"https:\/\/www.cordobatimes.com\/showup\/wp-json\/wp\/v2\/tags?post=19854"}],"curies":[{"name":"wp","href":"https:\/\/api.w.org\/{rel}","templated":true}]}}