{"id":19599,"date":"2014-05-08T11:54:06","date_gmt":"2014-05-08T14:54:06","guid":{"rendered":"http:\/\/cordobatimes.com\/showup\/?p=19599"},"modified":"2020-01-11T11:00:03","modified_gmt":"2020-01-11T14:00:03","slug":"shakira-presenta-el-video-de-la-nueva-cancion-del-mundial-de-futbol-dare-la-la-la","status":"publish","type":"post","link":"https:\/\/www.cordobatimes.com\/showup\/musica\/2014\/05\/08\/shakira-presenta-el-video-de-la-nueva-cancion-del-mundial-de-futbol-dare-la-la-la\/","title":{"rendered":"Shakira presenta el video de la nueva canci\u00f3n del Mundial de F\u00fatbol, &#8216;Dare (La, La, La)&#8217;"},"content":{"rendered":"<h3 style=\"text-align: justify;\"><strong>La cantante colombiana Shakira present\u00f3 este mi\u00e9rcoles el video de su tercer sencillo del hom\u00f3nimo, llamado &#8216;Dare (La, La, La).<\/strong><\/h3>\n<p style=\"text-align: justify;\">Seg\u00fan el diario colombiano, El Heraldo, el video fue grabado el 30 de junio del 2012, en Lisboa, Portugal, cuando la colombiana estaba embarazada de su primer hijo, Milan.<\/p>\n<p style=\"text-align: justify;\">El embarazo la oblig\u00f3 a aplazar los planes de lanzamiento de su \u00e1lbum, previsto para esos meses del 2012.<\/p>\n<p style=\"text-align: justify;\">El tema \u2018Dare (La La La)\u2019 fue producido por Dr. Luke y Cirkut y el video fue dirigido por Anthony Mandler, quien ya hab\u00eda trabajado con Shakira en el video &#8216;Addicted To You&#8217;, del \u00e1lbum &#8216;Sale el Sol&#8217;. Esta canci\u00f3n formar\u00e1 parte del \u00e1lbum oficial de la Copa Mundial de la FIFA 2014, mismo que ser\u00e1 lanzado ante el inminente inicio del Mundial de Brasil 2014 en junio de este a\u00f1o.<\/p>\n<p style=\"text-align: justify;\">Esta es la tercera ocasi\u00f3n que Shakira presenta un sencillo que se utiliza en las bandas sonoras del gran encuentro futbol\u00edstico. &#8216;Hips Don&#8217;t Lie&#8217; y &#8216;Waka Waka (This Time for Africa)&#8217;, fueron sus anteriores temas.<\/p>\n<p><iframe loading=\"lazy\" src=\"\/\/www.youtube.com\/embed\/XkYAxGt-aUs\" width=\"560\" height=\"315\" frameborder=\"0\" allowfullscreen=\"allowfullscreen\"><\/iframe><\/p>\n","protected":false},"excerpt":{"rendered":"<p>La cantante colombiana Shakira present\u00f3 este mi\u00e9rcoles el video de su tercer sencillo del hom\u00f3nimo, llamado &#8216;Dare (La, La, La). Seg\u00fan el diario colombiano, El Heraldo, el video fue grabado el 30 de junio del 2012, en Lisboa, Portugal, cuando la colombiana estaba embarazada de su primer hijo, Milan. El embarazo la oblig\u00f3 a aplazar [&hellip;]<\/p>\n","protected":false},"author":1,"featured_media":19602,"comment_status":"closed","ping_status":"closed","sticky":false,"template":"","format":"standard","meta":{"_seopress_robots_primary_cat":"","_seopress_titles_title":"","_seopress_titles_desc":"","_seopress_robots_index":"","footnotes":""},"categories":[5],"tags":[28104,28103],"class_list":{"0":"post-19599","1":"post","2":"type-post","3":"status-publish","4":"format-standard","5":"has-post-thumbnail","7":"category-musica","8":"tag-shakira-cancion-del-mundial-de-futbol","9":"tag-shakira-dare-la-la-la"},"_links":{"self":[{"href":"https:\/\/www.cordobatimes.com\/showup\/wp-json\/wp\/v2\/posts\/19599","targetHints":{"allow":["GET"]}}],"collection":[{"href":"https:\/\/www.cordobatimes.com\/showup\/wp-json\/wp\/v2\/posts"}],"about":[{"href":"https:\/\/www.cordobatimes.com\/showup\/wp-json\/wp\/v2\/types\/post"}],"author":[{"embeddable":true,"href":"https:\/\/www.cordobatimes.com\/showup\/wp-json\/wp\/v2\/users\/1"}],"replies":[{"embeddable":true,"href":"https:\/\/www.cordobatimes.com\/showup\/wp-json\/wp\/v2\/comments?post=19599"}],"version-history":[{"count":0,"href":"https:\/\/www.cordobatimes.com\/showup\/wp-json\/wp\/v2\/posts\/19599\/revisions"}],"wp:featuredmedia":[{"embeddable":true,"href":"https:\/\/www.cordobatimes.com\/showup\/wp-json\/wp\/v2\/media\/19602"}],"wp:attachment":[{"href":"https:\/\/www.cordobatimes.com\/showup\/wp-json\/wp\/v2\/media?parent=19599"}],"wp:term":[{"taxonomy":"category","embeddable":true,"href":"https:\/\/www.cordobatimes.com\/showup\/wp-json\/wp\/v2\/categories?post=19599"},{"taxonomy":"post_tag","embeddable":true,"href":"https:\/\/www.cordobatimes.com\/showup\/wp-json\/wp\/v2\/tags?post=19599"}],"curies":[{"name":"wp","href":"https:\/\/api.w.org\/{rel}","templated":true}]}}