{"id":19476,"date":"2014-05-07T00:23:51","date_gmt":"2014-05-07T03:23:51","guid":{"rendered":"http:\/\/cordobatimes.com\/showup\/?p=19476"},"modified":"2020-01-11T13:45:59","modified_gmt":"2020-01-11T16:45:59","slug":"ricardo-arjona-presenta-viaje-en-la-argentina","status":"publish","type":"post","link":"https:\/\/www.cordobatimes.com\/showup\/agenda\/2014\/05\/07\/ricardo-arjona-presenta-viaje-en-la-argentina\/","title":{"rendered":"Ricardo Arjona presenta \u00abViaje\u00bb en la Argentina"},"content":{"rendered":"<h3 style=\"text-align: justify;\"><strong>El cantante\u00a0guatemalteco recorrer\u00e1 varias ciudades presentando su nuevo trabajo discogr\u00e1fico. El 17 de septiembre estar\u00e1 en el estadio GEBA.<\/strong><\/h3>\n<p style=\"text-align: justify;\">Sus fans van a poder disfrutar, una vez m\u00e1s, \u00a0en vivo de sus canciones y recordar sus grandes \u00e9xitos. Ricardo Arjonona\u00a0cuenta con una impresionante carrera con 17 discos, 15 de estudios y dos en vivo. Cuenta con m\u00e1s de<strong>\u00a0<\/strong>20 millones de discos vendidos\u00a0en sus 23 a\u00f1os de carrera.<\/p>\n<p style=\"text-align: justify;\">Su nuevo disco, \u00abViaje\u00bb, es una colecci\u00f3n de\u00a0recuerdos, emociones, im\u00e1genes y vivencias\u00a0, d\u00e1ndole vida a los\u00a014 temas in\u00e9ditos\u00a0todos de su autor\u00eda.<\/p>\n<div style=\"text-align: justify;\"><strong>\u00abTen\u00eda una familia fundamental por dos viejos fant\u00e1sticos: Do\u00f1a Mimi y Don Ricardo. Todo eso que estaba funcionando tan bien, en 3 a\u00f1os se me fueron. Mi viejo hace 3 a\u00f1os y mi mam\u00e1 hace unos meses, y eso fue toda una convulsi\u00f3n enorme en medio del disco, pasaron muchas cosas. Despu\u00e9s ven\u00eda mi cumplea\u00f1os y a m\u00ed se me dio por irme a viajar por ah\u00ed. Entonces agarr\u00e9 un avi\u00f3n a cualquier lado, en el \u00faltimo recorrido me fui a la India pero\u00a0ven\u00eda de hacer Asia, Jap\u00f3n, Tailandia, China y muchos lugares. Fueron meses en los que pude transitar por ah\u00ed de una manera muy libre y me sirvi\u00f3 mucho\u00bb<\/strong>, explic\u00f3 el artista en relaci\u00f3n a su nuevo trabajo discogr\u00e1fico.<\/div>\n<div style=\"text-align: justify;\"><\/div>\n<div style=\"text-align: justify;\">Y agreg\u00f3:<b>\u00a0\u00abDe ah\u00ed vienen las analog\u00edas de &#8216;Viaje&#8217; y un mont\u00f3n de im\u00e1genes que no las escrib\u00ed justamente cuando estaba all\u00e1 pero s\u00ed lo hice cuando volv\u00ed.<\/b>\u00a0<strong>Lo m\u00e1s importante es que yo sal\u00ed buscando nada, no viaj\u00e9 para escribir canciones y regres\u00e9 con un mont\u00f3n de fotos y canciones que era lo mejor que me pod\u00eda pasar\u00bb<\/strong>.<\/div>\n<div style=\"text-align: justify;\"><\/div>\n<div style=\"text-align: justify;\">Tras una flamante producci\u00f3n, Ricky recibi\u00f3\u00a0el disco de Platino por las ventas que alcanz\u00f3 en una semana, su CD que incluye los famosos hits:\u00a0\u00abApnea\u00bb, \u00abLo poco que tengo\u00bb, \u00abCavern\u00edcolas\u00bb, \u00abNube de luz\u00bb, \u00abSoldado raso\u00bb, \u00abVives para morir\u00bb, \u00abTu fantasma\u00bb y \u00abA la luna en bicicleta\u00bb, entre otros.<\/div>\n<div style=\"text-align: justify;\">Finalmente agreg\u00f3:\u00a0<strong>\u00abEstoy feliz de estar en Argentina\u00bb.<\/strong><\/div>\n<div style=\"text-align: justify;\"><\/div>\n<div style=\"text-align: justify;\">\n<div style=\"text-align: justify;\">A continuaci\u00f3n, las fechas del tour que Arjona tiene pautadas:<\/div>\n<div style=\"text-align: justify;\">20 de agosto: Guayaquil, Ecuador<\/div>\n<div style=\"text-align: justify;\">22 de agosto: Quito, Ecuador<\/div>\n<div style=\"text-align: justify;\">27 de agosto: Lima , Per\u00fa<\/div>\n<div style=\"text-align: justify;\">03 y 04 de septiembre: Santiago, Chile<\/div>\n<div style=\"text-align: justify;\">01 de octubre: Montevideo, Uruguay<\/div>\n<div style=\"text-align: justify;\">03 de octubre: Asunci\u00f3n, Paraguay<\/div>\n<div style=\"text-align: justify;\"><\/div>\n<div style=\"text-align: justify;\">En cuanto a sus espect\u00e1culos en <strong>Argentina<\/strong>, \u00e9stos son los d\u00edas en los que se presentar\u00e1:<\/div>\n<div style=\"text-align: justify;\">09 de septiembre: Mendoza, Argentina<\/div>\n<div style=\"text-align: justify;\">11 de septiembre: C\u00f3rdoba, Argentina<\/div>\n<div style=\"text-align: justify;\">13 de septiembre: Rosario, Argentina<\/div>\n<div style=\"text-align: justify;\">17 de septiembre: Buenos Aires, Argentina<\/div>\n<div style=\"text-align: justify;\">05 de octubre: Corrientes, Argentina<\/div>\n<div><\/div>\n<\/div>\n","protected":false},"excerpt":{"rendered":"<p>El cantante\u00a0guatemalteco recorrer\u00e1 varias ciudades presentando su nuevo trabajo discogr\u00e1fico. El 17 de septiembre estar\u00e1 en el estadio GEBA. Sus fans van a poder disfrutar, una vez m\u00e1s, \u00a0en vivo de sus canciones y recordar sus grandes \u00e9xitos. Ricardo Arjonona\u00a0cuenta con una impresionante carrera con 17 discos, 15 de estudios y dos en vivo. Cuenta [&hellip;]<\/p>\n","protected":false},"author":1,"featured_media":19543,"comment_status":"closed","ping_status":"closed","sticky":false,"template":"","format":"standard","meta":{"_seopress_robots_primary_cat":"","_seopress_titles_title":"","_seopress_titles_desc":"","_seopress_robots_index":"","footnotes":""},"categories":[6],"tags":[6458],"class_list":{"0":"post-19476","1":"post","2":"type-post","3":"status-publish","4":"format-standard","5":"has-post-thumbnail","7":"category-agenda","8":"tag-ricardo-arjona-en-argentina"},"_links":{"self":[{"href":"https:\/\/www.cordobatimes.com\/showup\/wp-json\/wp\/v2\/posts\/19476","targetHints":{"allow":["GET"]}}],"collection":[{"href":"https:\/\/www.cordobatimes.com\/showup\/wp-json\/wp\/v2\/posts"}],"about":[{"href":"https:\/\/www.cordobatimes.com\/showup\/wp-json\/wp\/v2\/types\/post"}],"author":[{"embeddable":true,"href":"https:\/\/www.cordobatimes.com\/showup\/wp-json\/wp\/v2\/users\/1"}],"replies":[{"embeddable":true,"href":"https:\/\/www.cordobatimes.com\/showup\/wp-json\/wp\/v2\/comments?post=19476"}],"version-history":[{"count":0,"href":"https:\/\/www.cordobatimes.com\/showup\/wp-json\/wp\/v2\/posts\/19476\/revisions"}],"wp:featuredmedia":[{"embeddable":true,"href":"https:\/\/www.cordobatimes.com\/showup\/wp-json\/wp\/v2\/media\/19543"}],"wp:attachment":[{"href":"https:\/\/www.cordobatimes.com\/showup\/wp-json\/wp\/v2\/media?parent=19476"}],"wp:term":[{"taxonomy":"category","embeddable":true,"href":"https:\/\/www.cordobatimes.com\/showup\/wp-json\/wp\/v2\/categories?post=19476"},{"taxonomy":"post_tag","embeddable":true,"href":"https:\/\/www.cordobatimes.com\/showup\/wp-json\/wp\/v2\/tags?post=19476"}],"curies":[{"name":"wp","href":"https:\/\/api.w.org\/{rel}","templated":true}]}}