{"id":19467,"date":"2014-05-07T10:03:44","date_gmt":"2014-05-07T13:03:44","guid":{"rendered":"http:\/\/cordobatimes.com\/showup\/?p=19467"},"modified":"2020-01-11T13:33:44","modified_gmt":"2020-01-11T16:33:44","slug":"estreno-en-canal-9-llega-combate","status":"publish","type":"post","link":"https:\/\/www.cordobatimes.com\/showup\/tv\/2014\/05\/07\/estreno-en-canal-9-llega-combate\/","title":{"rendered":"Estreno en Canal 9: llega \u00abCombate\u00bb"},"content":{"rendered":"<h3 style=\"text-align: justify;\"><strong>De la mano de Fierita Catalano y Thiago Batistuta en la conducci\u00f3n, y con Flor Ventura en las notas, aterriza\u00a0<\/strong><strong>uno de los formatos televisivos m\u00e1s exitosos de Am\u00e9rica Latina.<\/strong><\/h3>\n<p style=\"text-align: justify;\">\u201cCombate\u201d es un programa en el que dos equipos de j\u00f3venes participantes, se enfrentar\u00e1n d\u00eda a d\u00eda en impactantes pruebas, retos y desaf\u00edos, poniendo en juego su agilidad, su destreza, su fuerza y su inteligencia, con el fin de sumar puntaje para evitar as\u00ed quedar nominados para abandonar el juego.<\/p>\n<p style=\"text-align: justify;\">\u00abTodos los d\u00edas seremos testigos de los entretelones de la competencia, las peleas, los conflictos y tambi\u00e9n las historias que surgen entre los concursantes. Un gran estudio con los m\u00e1s novedosos recursos t\u00e9cnicos, grandes juegos y una piscina en una carpa construida especialmente para el programa, es el escenario donde los concursantes combatir\u00e1n hasta obtener la victoria\u00bb.<\/p>\n<p style=\"text-align: justify;\">Cada d\u00edas habr\u00e1 un nominado, y todas las semana, un expulsado. As\u00ed, cuatro concursantes de cada equipo llegar\u00e1n a la final, y los ganadores obtendr\u00e1n un premio de $50.000 cada uno, y uno de ellos tendr\u00e1 un premio extra de $100.000. Es decir: $300.000 para el equipo ganador, y la oportunidad de seguir compitiendo.<\/p>\n<p style=\"text-align: justify;\">Para triunfar deben entrenar duro, f\u00edsica y mentalmente. Esforzarse en la preparaci\u00f3n de cada juego, en las t\u00e9cnicas de cada prueba, y estudiar los temas que, semana a semana, pondr\u00e1n a prueba sus conocimientos.<\/p>\n<p style=\"text-align: justify;\">\u201cCombate\u201d debuta el lunes 12 de mayo a partir de las 17.30.<\/p>\n","protected":false},"excerpt":{"rendered":"<p>De la mano de Fierita Catalano y Thiago Batistuta en la conducci\u00f3n, y con Flor Ventura en las notas, aterriza\u00a0uno de los formatos televisivos m\u00e1s exitosos de Am\u00e9rica Latina. \u201cCombate\u201d es un programa en el que dos equipos de j\u00f3venes participantes, se enfrentar\u00e1n d\u00eda a d\u00eda en impactantes pruebas, retos y desaf\u00edos, poniendo en juego [&hellip;]<\/p>\n","protected":false},"author":9,"featured_media":19515,"comment_status":"closed","ping_status":"closed","sticky":false,"template":"","format":"standard","meta":{"_seopress_robots_primary_cat":"","_seopress_titles_title":"","_seopress_titles_desc":"","_seopress_robots_index":"","footnotes":""},"categories":[2],"tags":[28126,28125],"class_list":{"0":"post-19467","1":"post","2":"type-post","3":"status-publish","4":"format-standard","5":"has-post-thumbnail","7":"category-tv","8":"tag-combate-fierita-catalano-y-thiago-batistuta","9":"tag-fierita-catalano-y-thiago-batistuta"},"_links":{"self":[{"href":"https:\/\/www.cordobatimes.com\/showup\/wp-json\/wp\/v2\/posts\/19467","targetHints":{"allow":["GET"]}}],"collection":[{"href":"https:\/\/www.cordobatimes.com\/showup\/wp-json\/wp\/v2\/posts"}],"about":[{"href":"https:\/\/www.cordobatimes.com\/showup\/wp-json\/wp\/v2\/types\/post"}],"author":[{"embeddable":true,"href":"https:\/\/www.cordobatimes.com\/showup\/wp-json\/wp\/v2\/users\/9"}],"replies":[{"embeddable":true,"href":"https:\/\/www.cordobatimes.com\/showup\/wp-json\/wp\/v2\/comments?post=19467"}],"version-history":[{"count":0,"href":"https:\/\/www.cordobatimes.com\/showup\/wp-json\/wp\/v2\/posts\/19467\/revisions"}],"wp:featuredmedia":[{"embeddable":true,"href":"https:\/\/www.cordobatimes.com\/showup\/wp-json\/wp\/v2\/media\/19515"}],"wp:attachment":[{"href":"https:\/\/www.cordobatimes.com\/showup\/wp-json\/wp\/v2\/media?parent=19467"}],"wp:term":[{"taxonomy":"category","embeddable":true,"href":"https:\/\/www.cordobatimes.com\/showup\/wp-json\/wp\/v2\/categories?post=19467"},{"taxonomy":"post_tag","embeddable":true,"href":"https:\/\/www.cordobatimes.com\/showup\/wp-json\/wp\/v2\/tags?post=19467"}],"curies":[{"name":"wp","href":"https:\/\/api.w.org\/{rel}","templated":true}]}}