{"id":19377,"date":"2014-05-06T02:16:25","date_gmt":"2014-05-06T05:16:25","guid":{"rendered":"http:\/\/cordobatimes.com\/showup\/?p=19377"},"modified":"2020-01-12T20:53:07","modified_gmt":"2020-01-12T23:53:07","slug":"reconciliacion-andrea-rincon-y-ale-sergi-juntos-de-nuevo","status":"publish","type":"post","link":"https:\/\/www.cordobatimes.com\/showup\/famosos\/2014\/05\/06\/reconciliacion-andrea-rincon-y-ale-sergi-juntos-de-nuevo\/","title":{"rendered":"\u00bfReconciliaci\u00f3n? Andrea Rinc\u00f3n y Ale Sergi, juntos de nuevo"},"content":{"rendered":"<h3 style=\"text-align: justify;\"><strong>Seg\u00fan el Diario Cr\u00f3nica, la medi\u00e1tica pareja estar\u00eda de nuevo apostando al amor despu\u00e9s de todas las diferencias. En esta nota, los detalles.\u00a0<\/strong><\/h3>\n<p style=\"text-align: justify;\">Los tortolitos \u00a0llamaron la atenci\u00f3n desde el primer momento, ya que ambos proven\u00edan de mundos muy distintos. Sin embargo, fue \u201cel\u201d noviazgo medi\u00e1tico de 2013 y a pesar de m\u00faltiples peleas, siempre demostraron que el amor puede m\u00e1s.<\/p>\n<p style=\"text-align: justify;\">De golpe y cuando nadie lo esperaba, se separaron. En medio de todo esto se vivieron momentos dram\u00e1ticos, con una Rinc\u00f3n reconociendo su adicci\u00f3n a las drogas, algo que sumado al estado de salud de su padre, deriv\u00f3 en un momento duro de su vida, y la posterior internaci\u00f3n para combatir su dependencia a la coca\u00edna.<\/p>\n<p style=\"text-align: justify;\">\u201cSon el uno para el otro\u201d, cont\u00f3 un allegado del cantante a Cr\u00f3nica, y as\u00ed parece, porque la pareja se est\u00e1 redescubriendo y viviendo una nueva etapa.<\/p>\n<p style=\"text-align: justify;\">Los medios sab\u00edan que ya ven\u00eda circulando en Twitter el rumor de una reconciliaci\u00f3n entre la modelo y el m\u00fasico. Sin embargo, fue \u00abCr\u00f3nica\u00bb quien cont\u00f3 \u00a0que se los pudo ver este \u00a0fin de semana a puro amor y pasi\u00f3n.<\/p>\n<p style=\"text-align: justify;\">Los t\u00f3rtolos unos d\u00edas de relax en un spa ubicado en la zona de Cardales. Para despistar a la prensa, llegaron muy temprano al lugar, sin embargo la noticia lleg\u00f3 a los medios.<\/p>\n","protected":false},"excerpt":{"rendered":"<p>Seg\u00fan el Diario Cr\u00f3nica, la medi\u00e1tica pareja estar\u00eda de nuevo apostando al amor despu\u00e9s de todas las diferencias. En esta nota, los detalles.\u00a0 Los tortolitos \u00a0llamaron la atenci\u00f3n desde el primer momento, ya que ambos proven\u00edan de mundos muy distintos. Sin embargo, fue \u201cel\u201d noviazgo medi\u00e1tico de 2013 y a pesar de m\u00faltiples peleas, siempre [&hellip;]<\/p>\n","protected":false},"author":9,"featured_media":19382,"comment_status":"closed","ping_status":"closed","sticky":false,"template":"","format":"standard","meta":{"_seopress_robots_primary_cat":"","_seopress_titles_title":"","_seopress_titles_desc":"","_seopress_robots_index":"","footnotes":""},"categories":[4],"tags":[25325,28157],"class_list":{"0":"post-19377","1":"post","2":"type-post","3":"status-publish","4":"format-standard","5":"has-post-thumbnail","7":"category-famosos","8":"tag-andrea-rincon-y-ale-sergi","9":"tag-reconciliacion-andrea-rincon-y-ale-sergi"},"_links":{"self":[{"href":"https:\/\/www.cordobatimes.com\/showup\/wp-json\/wp\/v2\/posts\/19377","targetHints":{"allow":["GET"]}}],"collection":[{"href":"https:\/\/www.cordobatimes.com\/showup\/wp-json\/wp\/v2\/posts"}],"about":[{"href":"https:\/\/www.cordobatimes.com\/showup\/wp-json\/wp\/v2\/types\/post"}],"author":[{"embeddable":true,"href":"https:\/\/www.cordobatimes.com\/showup\/wp-json\/wp\/v2\/users\/9"}],"replies":[{"embeddable":true,"href":"https:\/\/www.cordobatimes.com\/showup\/wp-json\/wp\/v2\/comments?post=19377"}],"version-history":[{"count":0,"href":"https:\/\/www.cordobatimes.com\/showup\/wp-json\/wp\/v2\/posts\/19377\/revisions"}],"wp:featuredmedia":[{"embeddable":true,"href":"https:\/\/www.cordobatimes.com\/showup\/wp-json\/wp\/v2\/media\/19382"}],"wp:attachment":[{"href":"https:\/\/www.cordobatimes.com\/showup\/wp-json\/wp\/v2\/media?parent=19377"}],"wp:term":[{"taxonomy":"category","embeddable":true,"href":"https:\/\/www.cordobatimes.com\/showup\/wp-json\/wp\/v2\/categories?post=19377"},{"taxonomy":"post_tag","embeddable":true,"href":"https:\/\/www.cordobatimes.com\/showup\/wp-json\/wp\/v2\/tags?post=19377"}],"curies":[{"name":"wp","href":"https:\/\/api.w.org\/{rel}","templated":true}]}}