{"id":19220,"date":"2014-05-04T14:50:33","date_gmt":"2014-05-04T17:50:33","guid":{"rendered":"http:\/\/cordobatimes.com\/showup\/?p=19220"},"modified":"2020-01-13T19:15:13","modified_gmt":"2020-01-13T22:15:13","slug":"carlos-baute-estreno-clip-video","status":"publish","type":"post","link":"https:\/\/www.cordobatimes.com\/showup\/musica\/2014\/05\/04\/carlos-baute-estreno-clip-video\/","title":{"rendered":"Carlos Baute estren\u00f3 clip (Video)"},"content":{"rendered":"<h3 style=\"text-align: justify;\"><strong>El cantante public\u00f3 el pasado a\u00f1o su m\u00e1s reciente \u00e1lbum, \u00abEn el buz\u00f3n de tu coraz\u00f3n\u00bb pero sorprendi\u00f3 a todas sus fans compartiendo una nueva producci\u00f3n.<\/strong><\/h3>\n<p style=\"text-align: justify;\">Ahora el venezolano presenta videoclip para \u00abC\u00f3mo decir que no\u00bb, con la \u00a0colaboraci\u00f3n de la mexicana Mar\u00eda Jos\u00e9, lanzado hace un par de dos meses y no incluida en el mencionado \u00e1lbum.<\/p>\n<p style=\"text-align: justify;\">El clip fue filmado en un hotel casi antiguo en donde en las diferentes habitaciones suceden llamativas historias. Amor, miedos, desinter\u00e9s; son algunas de las expresiones de amor que Baute junto a Mar\u00eda Jos\u00e9 protagonizan.<\/p>\n<p style=\"text-align: justify;\">No te pierdas este estreno.<\/p>\n<p style=\"text-align: justify;\"><iframe loading=\"lazy\" src=\"\/\/www.youtube.com\/embed\/ESzXx0vGVs8\" width=\"560\" height=\"315\" frameborder=\"0\" allowfullscreen=\"allowfullscreen\"><\/iframe><\/p>\n","protected":false},"excerpt":{"rendered":"<p>El cantante public\u00f3 el pasado a\u00f1o su m\u00e1s reciente \u00e1lbum, \u00abEn el buz\u00f3n de tu coraz\u00f3n\u00bb pero sorprendi\u00f3 a todas sus fans compartiendo una nueva producci\u00f3n. Ahora el venezolano presenta videoclip para \u00abC\u00f3mo decir que no\u00bb, con la \u00a0colaboraci\u00f3n de la mexicana Mar\u00eda Jos\u00e9, lanzado hace un par de dos meses y no incluida en [&hellip;]<\/p>\n","protected":false},"author":9,"featured_media":19222,"comment_status":"closed","ping_status":"closed","sticky":false,"template":"","format":"standard","meta":{"_seopress_robots_primary_cat":"","_seopress_titles_title":"","_seopress_titles_desc":"","_seopress_robots_index":"","footnotes":""},"categories":[5],"tags":[28182],"class_list":{"0":"post-19220","1":"post","2":"type-post","3":"status-publish","4":"format-standard","5":"has-post-thumbnail","7":"category-musica","8":"tag-carlos-baute-como-decir-que-no"},"_links":{"self":[{"href":"https:\/\/www.cordobatimes.com\/showup\/wp-json\/wp\/v2\/posts\/19220","targetHints":{"allow":["GET"]}}],"collection":[{"href":"https:\/\/www.cordobatimes.com\/showup\/wp-json\/wp\/v2\/posts"}],"about":[{"href":"https:\/\/www.cordobatimes.com\/showup\/wp-json\/wp\/v2\/types\/post"}],"author":[{"embeddable":true,"href":"https:\/\/www.cordobatimes.com\/showup\/wp-json\/wp\/v2\/users\/9"}],"replies":[{"embeddable":true,"href":"https:\/\/www.cordobatimes.com\/showup\/wp-json\/wp\/v2\/comments?post=19220"}],"version-history":[{"count":0,"href":"https:\/\/www.cordobatimes.com\/showup\/wp-json\/wp\/v2\/posts\/19220\/revisions"}],"wp:featuredmedia":[{"embeddable":true,"href":"https:\/\/www.cordobatimes.com\/showup\/wp-json\/wp\/v2\/media\/19222"}],"wp:attachment":[{"href":"https:\/\/www.cordobatimes.com\/showup\/wp-json\/wp\/v2\/media?parent=19220"}],"wp:term":[{"taxonomy":"category","embeddable":true,"href":"https:\/\/www.cordobatimes.com\/showup\/wp-json\/wp\/v2\/categories?post=19220"},{"taxonomy":"post_tag","embeddable":true,"href":"https:\/\/www.cordobatimes.com\/showup\/wp-json\/wp\/v2\/tags?post=19220"}],"curies":[{"name":"wp","href":"https:\/\/api.w.org\/{rel}","templated":true}]}}