{"id":18937,"date":"2014-05-08T09:30:49","date_gmt":"2014-05-08T12:30:49","guid":{"rendered":"http:\/\/cordobatimes.com\/showup\/?p=18937"},"modified":"2020-01-11T11:30:30","modified_gmt":"2020-01-11T14:30:30","slug":"jose-maria-muscari-le-dedico-una-emotiva-carta-a-norma-pons","status":"publish","type":"post","link":"https:\/\/www.cordobatimes.com\/showup\/famosos\/2014\/05\/08\/jose-maria-muscari-le-dedico-una-emotiva-carta-a-norma-pons\/","title":{"rendered":"Jos\u00e9 Mar\u00eda Muscari le dedic\u00f3 una emotiva carta a Norma Pons"},"content":{"rendered":"<h3><strong>El productor \u00a0quien dirigi\u00f3 a la actriz en \u00abCash\u00bb, \u00ab8 Mujeres\u00bb y \u00abLa Casa de Bernarda Alba\u00bb, escribi\u00f3 en su blog unas l\u00edneas a modo de despedida a quien consider\u00f3 \u201cmi \u00fanica musa\u201d.<\/strong><\/h3>\n<blockquote><p>&nbsp;<\/p>\n<p>Norma Pons fue, es y sera mi \u00fanica musa. Nunca tuve ma\u00f1ana conexi\u00f3n humana y art\u00edstica con alguien. No creo pueda volver a encontrarla. Es algo que trasciende lo palpable.<\/p>\n<p>Con ella fui feliz ensayando. Con ella fui feliz cenando. Con ella fui feliz hablando durante nuestras largas trasnoches telef\u00f3nicas. Con ella fui feliz.<\/p>\n<p>Norma es y ser\u00e1, para m\u00ed, la artista con la que todo creador quiere encontrarse sobre la faz de la Tierra.<\/p>\n<p>Me recorre un profundo vac\u00edo al imaginar su ausencia f\u00edsica.<\/p>\n<p>Solo f\u00edsica.<\/p>\n<p>Pues inevitablemente, s\u00e9 que ella est\u00e1 en m\u00ed y yo en ella.<\/p>\n<p>No s\u00e9 d\u00f3nde pararme frente a la muerte de lo amado. Es dif\u00edcil la comprensi\u00f3n, pero existe la aceptaci\u00f3n.<\/p>\n<p>La am\u00e9 desde el momento en que la conoc\u00ed. La primera vez que la llame por tel\u00e9fono hace ya m\u00e1s de seis a\u00f1os para trabajar, ella exclam\u00f3 \u201cal fin querido, hace a\u00f1os esperaba tu llamado, \u00bfcu\u00e1ndo nos vemos?\u201d, y cre\u00ed que ese era el principio de algo lindo. Pero nunca imagin\u00e9 esta belleza.<\/p>\n<p>Este ser supremo, sabio, amoroso, angelado.<\/p>\n<p>Tengo im\u00e1genes hermosas de estas \u00faltimas 24 hs. Ayer en la Legislatura porte\u00f1a velando su cad\u00e1ver y todas sus \u201cBernardas\u201d llor\u00e1ndola y ri\u00e9ndola entre an\u00e9cdotas contadas por su hermana Mim\u00ed, tan parecida a la Norma que se fue.<\/p>\n<p>No puedo dejar de pensar en el abrazo intenso, con llanto compartido con Sof\u00eda Gala y los dos sintiendo que perdimos algo importante. Importante de verdad.<\/p>\n<p>Norma se fue en el momento que ella quer\u00eda. Estoy plenamente seguro. Se fue feliz. Muy.<\/p>\n<p>Se fue plena. Se fue ovacionada. Se fue sin sufrir. Se fue en silencio, cauta, sobria como era ella detr\u00e1s de su aparente efervescencia de actriz criolla.<\/p>\n<p>Norma se fue con su mam\u00e1, que es con quien quer\u00eda volver a estar. Norma se fue realizada. Norma se fue \u00edntegra.<\/p>\n<p>Quiero expresar por este medio, tan personal, mi amor incondicional, absoluto, mi respeto, mi crecimiento como persona y como profesional por haber sido elegido para su selecto y exclusivo grupo de cercanos verdaderos.<\/p>\n<p>Norma Pons, que en paz descanses. Te amo y te amar\u00e9 por siempre. Norma Gran Pons.<\/p><\/blockquote>\n","protected":false},"excerpt":{"rendered":"<p>El productor \u00a0quien dirigi\u00f3 a la actriz en \u00abCash\u00bb, \u00ab8 Mujeres\u00bb y \u00abLa Casa de Bernarda Alba\u00bb, escribi\u00f3 en su blog unas l\u00edneas a modo de despedida a quien consider\u00f3 \u201cmi \u00fanica musa\u201d. &nbsp; Norma Pons fue, es y sera mi \u00fanica musa. Nunca tuve ma\u00f1ana conexi\u00f3n humana y art\u00edstica con alguien. No creo pueda [&hellip;]<\/p>\n","protected":false},"author":9,"featured_media":18943,"comment_status":"closed","ping_status":"closed","sticky":false,"template":"","format":"standard","meta":{"_seopress_robots_primary_cat":"","_seopress_titles_title":"","_seopress_titles_desc":"","_seopress_robots_index":"","footnotes":""},"categories":[4],"tags":[28114,28115],"class_list":{"0":"post-18937","1":"post","2":"type-post","3":"status-publish","4":"format-standard","5":"has-post-thumbnail","7":"category-famosos","8":"tag-carta-de-jose-maria-muscari-a-norma-pons","9":"tag-jose-maria-muscari-norma-pons"},"_links":{"self":[{"href":"https:\/\/www.cordobatimes.com\/showup\/wp-json\/wp\/v2\/posts\/18937","targetHints":{"allow":["GET"]}}],"collection":[{"href":"https:\/\/www.cordobatimes.com\/showup\/wp-json\/wp\/v2\/posts"}],"about":[{"href":"https:\/\/www.cordobatimes.com\/showup\/wp-json\/wp\/v2\/types\/post"}],"author":[{"embeddable":true,"href":"https:\/\/www.cordobatimes.com\/showup\/wp-json\/wp\/v2\/users\/9"}],"replies":[{"embeddable":true,"href":"https:\/\/www.cordobatimes.com\/showup\/wp-json\/wp\/v2\/comments?post=18937"}],"version-history":[{"count":0,"href":"https:\/\/www.cordobatimes.com\/showup\/wp-json\/wp\/v2\/posts\/18937\/revisions"}],"wp:featuredmedia":[{"embeddable":true,"href":"https:\/\/www.cordobatimes.com\/showup\/wp-json\/wp\/v2\/media\/18943"}],"wp:attachment":[{"href":"https:\/\/www.cordobatimes.com\/showup\/wp-json\/wp\/v2\/media?parent=18937"}],"wp:term":[{"taxonomy":"category","embeddable":true,"href":"https:\/\/www.cordobatimes.com\/showup\/wp-json\/wp\/v2\/categories?post=18937"},{"taxonomy":"post_tag","embeddable":true,"href":"https:\/\/www.cordobatimes.com\/showup\/wp-json\/wp\/v2\/tags?post=18937"}],"curies":[{"name":"wp","href":"https:\/\/api.w.org\/{rel}","templated":true}]}}