{"id":18929,"date":"2014-05-01T14:42:33","date_gmt":"2014-05-01T17:42:33","guid":{"rendered":"http:\/\/cordobatimes.com\/showup\/?p=18929"},"modified":"2020-01-14T11:17:43","modified_gmt":"2020-01-14T14:17:43","slug":"inesperado-polino-cambia-los-panelistas-de-ponele-la-firma","status":"publish","type":"post","link":"https:\/\/www.cordobatimes.com\/showup\/tv\/2014\/05\/01\/inesperado-polino-cambia-los-panelistas-de-ponele-la-firma\/","title":{"rendered":"\u00a1Inesperado! Marcelo Polino cambia los panelistas de \u00abPonele la firma\u00bb"},"content":{"rendered":"<h3 style=\"text-align: justify;\"><b>El reconocido \u00a0ciclo del periodista lleva ya \u00a0varias temporadas en la pantalla de Am\u00e9rica. Con la producci\u00f3n de Damian Bacman, lidera los domingos de la noche de Am\u00e9rica \u00a0y tiene una gran repercusi\u00f3n de p\u00fablico y cr\u00edtica.<\/b><\/h3>\n<p style=\"text-align: justify;\">El panel hist\u00f3rico que secund\u00f3 a Polino era Tom\u00e1s Dente, Soledad Villarreal y Nancy Dur\u00e9. Los tres profesionales acompa\u00f1aron a Polino durante varios a\u00f1os.<\/p>\n<p style=\"text-align: justify;\">Pero ahora sorpresivamente los tres panelistas fueron desafectados del ciclo y reemplazados por Maby Wells y Carla Czudnowsky. Seg\u00fan public\u00f3 exito\u00edna.com, la decisi\u00f3n habr\u00eda sido tomada por gente vinculada a la producci\u00f3n del ciclo, que gener\u00f3 \u00a0dar un vuelco de 180 grados.<\/p>\n<p style=\"text-align: justify;\">Al panel tambi\u00e9n se sum\u00f3 el prestigioso y querido periodista Jorge Lafauci. Por ahora no se escuch\u00f3 la palabra de los que ser\u00e1n los grandes ausentes, pero los pasillos de Am\u00e9rica est\u00e1n poblados de rumores y de historias sobre c\u00f3mo fue esta modificaci\u00f3n tan significativa en un programa que tiene tan buenos resultados a nivel rating.<\/p>\n<p style=\"text-align: justify;\">Lo concreto es que tambi\u00e9n se esperan otros cambios en el programa de Polino, que podr\u00edan tener que ver con el d\u00eda y horario del mismo.<\/p>\n","protected":false},"excerpt":{"rendered":"<p>El reconocido \u00a0ciclo del periodista lleva ya \u00a0varias temporadas en la pantalla de Am\u00e9rica. Con la producci\u00f3n de Damian Bacman, lidera los domingos de la noche de Am\u00e9rica \u00a0y tiene una gran repercusi\u00f3n de p\u00fablico y cr\u00edtica. El panel hist\u00f3rico que secund\u00f3 a Polino era Tom\u00e1s Dente, Soledad Villarreal y Nancy Dur\u00e9. Los tres profesionales [&hellip;]<\/p>\n","protected":false},"author":9,"featured_media":18934,"comment_status":"closed","ping_status":"closed","sticky":false,"template":"","format":"standard","meta":{"_seopress_robots_primary_cat":"","_seopress_titles_title":"","_seopress_titles_desc":"","_seopress_robots_index":"","footnotes":""},"categories":[2],"tags":[28207],"class_list":{"0":"post-18929","1":"post","2":"type-post","3":"status-publish","4":"format-standard","5":"has-post-thumbnail","7":"category-tv","8":"tag-marcelo-polino-panelistas-de-ponele-la-firma"},"_links":{"self":[{"href":"https:\/\/www.cordobatimes.com\/showup\/wp-json\/wp\/v2\/posts\/18929","targetHints":{"allow":["GET"]}}],"collection":[{"href":"https:\/\/www.cordobatimes.com\/showup\/wp-json\/wp\/v2\/posts"}],"about":[{"href":"https:\/\/www.cordobatimes.com\/showup\/wp-json\/wp\/v2\/types\/post"}],"author":[{"embeddable":true,"href":"https:\/\/www.cordobatimes.com\/showup\/wp-json\/wp\/v2\/users\/9"}],"replies":[{"embeddable":true,"href":"https:\/\/www.cordobatimes.com\/showup\/wp-json\/wp\/v2\/comments?post=18929"}],"version-history":[{"count":0,"href":"https:\/\/www.cordobatimes.com\/showup\/wp-json\/wp\/v2\/posts\/18929\/revisions"}],"wp:featuredmedia":[{"embeddable":true,"href":"https:\/\/www.cordobatimes.com\/showup\/wp-json\/wp\/v2\/media\/18934"}],"wp:attachment":[{"href":"https:\/\/www.cordobatimes.com\/showup\/wp-json\/wp\/v2\/media?parent=18929"}],"wp:term":[{"taxonomy":"category","embeddable":true,"href":"https:\/\/www.cordobatimes.com\/showup\/wp-json\/wp\/v2\/categories?post=18929"},{"taxonomy":"post_tag","embeddable":true,"href":"https:\/\/www.cordobatimes.com\/showup\/wp-json\/wp\/v2\/tags?post=18929"}],"curies":[{"name":"wp","href":"https:\/\/api.w.org\/{rel}","templated":true}]}}