{"id":18837,"date":"2014-04-30T14:49:17","date_gmt":"2014-04-30T17:49:17","guid":{"rendered":"http:\/\/cordobatimes.com\/showup\/?p=18837"},"modified":"2019-12-21T14:10:49","modified_gmt":"2019-12-21T17:10:49","slug":"hilda-bernard-sufrio-un-acv","status":"publish","type":"post","link":"https:\/\/www.cordobatimes.com\/showup\/famosos\/2014\/04\/30\/hilda-bernard-sufrio-un-acv\/","title":{"rendered":"Hilda Bernard sufri\u00f3 un ACV"},"content":{"rendered":"<p>&nbsp;<\/p>\n<h3 style=\"text-align: justify;\"><b>Las desgracias en el mundo del espect\u00e1culo parecen no tener fin. Ahora se conoci\u00f3 la triste noticia que tiene a la conocid\u00edsima actriz como protagonista.\u00a0<\/b><\/h3>\n<p style=\"text-align: justify;\">Seg\u00fan confirm\u00f3 el portal exitoina.com, Hilda \u00a0de 93 a\u00f1os, no puede caminar. Sin embargo, seg\u00fan inform\u00f3 Luis Bremer, ya se est\u00e1 recuperando y comenzando el proceso de rehabilitaci\u00f3n.<\/p>\n<p style=\"text-align: justify;\">Bernard se encuentra de buen \u00e1nimo pese al episodio, del cual no se conocen demasiados detalles.<\/p>\n<p style=\"text-align: justify;\">Luis Bremer fue el encargado de dar la primicia v\u00eda Twitter a trav\u00e9s del mensaje: \u00abLucha. Hilda Bernard tuvo un ACV y no puede caminar. Igual esta b\u00e1rbara de \u00e1nimo y dice q esta rehabilit\u00e1ndose y se recuperar\u00e1\u00bb.<\/p>\n","protected":false},"excerpt":{"rendered":"<p>&nbsp; Las desgracias en el mundo del espect\u00e1culo parecen no tener fin. Ahora se conoci\u00f3 la triste noticia que tiene a la conocid\u00edsima actriz como protagonista.\u00a0 Seg\u00fan confirm\u00f3 el portal exitoina.com, Hilda \u00a0de 93 a\u00f1os, no puede caminar. Sin embargo, seg\u00fan inform\u00f3 Luis Bremer, ya se est\u00e1 recuperando y comenzando el proceso de rehabilitaci\u00f3n. Bernard [&hellip;]<\/p>\n","protected":false},"author":9,"featured_media":18851,"comment_status":"closed","ping_status":"closed","sticky":false,"template":"","format":"standard","meta":{"_seopress_robots_primary_cat":"","_seopress_titles_title":"","_seopress_titles_desc":"","_seopress_robots_index":"","footnotes":""},"categories":[4],"tags":[27372,27373],"class_list":{"0":"post-18837","1":"post","2":"type-post","3":"status-publish","4":"format-standard","5":"has-post-thumbnail","7":"category-famosos","8":"tag-accidente-cerebro-vascular-de-hilda-bernard","9":"tag-acv-de-hilda-bernard"},"_links":{"self":[{"href":"https:\/\/www.cordobatimes.com\/showup\/wp-json\/wp\/v2\/posts\/18837","targetHints":{"allow":["GET"]}}],"collection":[{"href":"https:\/\/www.cordobatimes.com\/showup\/wp-json\/wp\/v2\/posts"}],"about":[{"href":"https:\/\/www.cordobatimes.com\/showup\/wp-json\/wp\/v2\/types\/post"}],"author":[{"embeddable":true,"href":"https:\/\/www.cordobatimes.com\/showup\/wp-json\/wp\/v2\/users\/9"}],"replies":[{"embeddable":true,"href":"https:\/\/www.cordobatimes.com\/showup\/wp-json\/wp\/v2\/comments?post=18837"}],"version-history":[{"count":0,"href":"https:\/\/www.cordobatimes.com\/showup\/wp-json\/wp\/v2\/posts\/18837\/revisions"}],"wp:featuredmedia":[{"embeddable":true,"href":"https:\/\/www.cordobatimes.com\/showup\/wp-json\/wp\/v2\/media\/18851"}],"wp:attachment":[{"href":"https:\/\/www.cordobatimes.com\/showup\/wp-json\/wp\/v2\/media?parent=18837"}],"wp:term":[{"taxonomy":"category","embeddable":true,"href":"https:\/\/www.cordobatimes.com\/showup\/wp-json\/wp\/v2\/categories?post=18837"},{"taxonomy":"post_tag","embeddable":true,"href":"https:\/\/www.cordobatimes.com\/showup\/wp-json\/wp\/v2\/tags?post=18837"}],"curies":[{"name":"wp","href":"https:\/\/api.w.org\/{rel}","templated":true}]}}