{"id":18537,"date":"2014-04-26T19:47:42","date_gmt":"2014-04-26T22:47:42","guid":{"rendered":"http:\/\/cordobatimes.com\/showup\/?p=18537"},"modified":"2019-12-22T11:12:37","modified_gmt":"2019-12-22T14:12:37","slug":"sabias-que-las-rayas-de-las-cebras-son-para-evitar-picaduras-de-mosquitos","status":"publish","type":"post","link":"https:\/\/www.cordobatimes.com\/showup\/curiosidades\/2014\/04\/26\/sabias-que-las-rayas-de-las-cebras-son-para-evitar-picaduras-de-mosquitos\/","title":{"rendered":"\u00bfSab\u00edas que las rayas de las cebras son para evitar picaduras de mosquitos?"},"content":{"rendered":"<h3 style=\"text-align: justify;\"><strong>Un equipo de la Universidad de California de Davis ha llegado a la conclusi\u00f3n de que las cebras tienen rayas para evitar las plagas de mosquitos y sus picaduras, ya que los mosquitos tienen animadversi\u00f3n a esa superficie rayada en blanco y negro.<\/strong><\/h3>\n<p style=\"text-align: justify;\">Seg\u00fan Tim Cato, profesor de biolog\u00eda en Davis que cree haber resuelto la duda que plante\u00f3 Darwin hace 120 a\u00f1os, hay m\u00e1s rayas corporales en aqu\u00e9llas zonas del mundo donde hay m\u00e1s plagas de mosquitos, lo que habr\u00eda llevado a las cebras a protegerse as\u00ed de forma natural de esas molestas picaduras.<\/p>\n<p style=\"text-align: justify;\">El propio Cato explica que las cebras han evolucionado hacia las rayas y otros animales que conviven en el mismo h\u00e1bitat no porque las cebras tienen el pelo m\u00e1s corto que la boca de los mosquitos, y por tanto sufren m\u00e1s sus picaduras que otros animales.<\/p>\n<p style=\"text-align: justify;\">Este estudio no hace m\u00e1s que \u00a0confirmar el publicado hace dos a\u00f1os en la revista cient\u00edfica Journal of Experimental Biology por parte de cient\u00edficos suecos y h\u00fangaros, que ya avanzaron en que la piel de estos animales resultaba \u201cpoco atractiva\u201d para las moscas, seg\u00fan afirmaron ellos, \u201cpor la forma en que se refleja la luz\u201d.<\/p>\n","protected":false},"excerpt":{"rendered":"<p>Un equipo de la Universidad de California de Davis ha llegado a la conclusi\u00f3n de que las cebras tienen rayas para evitar las plagas de mosquitos y sus picaduras, ya que los mosquitos tienen animadversi\u00f3n a esa superficie rayada en blanco y negro. Seg\u00fan Tim Cato, profesor de biolog\u00eda en Davis que cree haber resuelto [&hellip;]<\/p>\n","protected":false},"author":9,"featured_media":18538,"comment_status":"closed","ping_status":"closed","sticky":false,"template":"","format":"standard","meta":{"_seopress_robots_primary_cat":"","_seopress_titles_title":"","_seopress_titles_desc":"","_seopress_robots_index":"","footnotes":""},"categories":[8],"tags":[6163,27396],"class_list":{"0":"post-18537","1":"post","2":"type-post","3":"status-publish","4":"format-standard","5":"has-post-thumbnail","7":"category-curiosidades","8":"tag-cebras-anti-mosquitos","9":"tag-rayas-de-las-cebras-evitar-picaduras-de-mosquitos"},"_links":{"self":[{"href":"https:\/\/www.cordobatimes.com\/showup\/wp-json\/wp\/v2\/posts\/18537","targetHints":{"allow":["GET"]}}],"collection":[{"href":"https:\/\/www.cordobatimes.com\/showup\/wp-json\/wp\/v2\/posts"}],"about":[{"href":"https:\/\/www.cordobatimes.com\/showup\/wp-json\/wp\/v2\/types\/post"}],"author":[{"embeddable":true,"href":"https:\/\/www.cordobatimes.com\/showup\/wp-json\/wp\/v2\/users\/9"}],"replies":[{"embeddable":true,"href":"https:\/\/www.cordobatimes.com\/showup\/wp-json\/wp\/v2\/comments?post=18537"}],"version-history":[{"count":0,"href":"https:\/\/www.cordobatimes.com\/showup\/wp-json\/wp\/v2\/posts\/18537\/revisions"}],"wp:featuredmedia":[{"embeddable":true,"href":"https:\/\/www.cordobatimes.com\/showup\/wp-json\/wp\/v2\/media\/18538"}],"wp:attachment":[{"href":"https:\/\/www.cordobatimes.com\/showup\/wp-json\/wp\/v2\/media?parent=18537"}],"wp:term":[{"taxonomy":"category","embeddable":true,"href":"https:\/\/www.cordobatimes.com\/showup\/wp-json\/wp\/v2\/categories?post=18537"},{"taxonomy":"post_tag","embeddable":true,"href":"https:\/\/www.cordobatimes.com\/showup\/wp-json\/wp\/v2\/tags?post=18537"}],"curies":[{"name":"wp","href":"https:\/\/api.w.org\/{rel}","templated":true}]}}