{"id":18360,"date":"2014-04-24T18:31:38","date_gmt":"2014-04-24T21:31:38","guid":{"rendered":"http:\/\/cordobatimes.com\/showup\/?p=18360"},"modified":"2019-12-24T17:50:40","modified_gmt":"2019-12-24T20:50:40","slug":"no-para-lali-esposito-se-lanza-como-conductora","status":"publish","type":"post","link":"https:\/\/www.cordobatimes.com\/showup\/famosos\/2014\/04\/24\/no-para-lali-esposito-se-lanza-como-conductora\/","title":{"rendered":"\u00a1No para! Lali Esp\u00f3sito se lanza como conductora"},"content":{"rendered":"<h3 style=\"text-align: justify;\"><strong>La ex Teen Angels no deja de sorprender. A pocos d\u00edas de haber iniciado su gira como cantante solista, la actriz se prepara para debutar al frente de un proyecto de TV en conjunto con Greenpeace.<\/strong><\/h3>\n<p style=\"text-align: justify;\">Despu\u00e9s de un fin de semana lleno de emociones, donde present\u00f3 su show musical a sala llena en el Teatro \u00d3pera, Lali vuelve a innovar \u00a0con un nuevo proyecto: participar\u00e1 de \u00abQuiero mi mundo\u00bb, un ciclo que busca concientizar a los m\u00e1s j\u00f3venes en torno al cuidado del medioambiente.<\/p>\n<p style=\"text-align: justify;\">El programa, que se ver\u00e1 por la se\u00f1al \u00abQuiero\u00bb, ofrecer\u00e1 conceptos y consejos pr\u00e1cticos para cambiar algunos h\u00e1bitos en pos de mejorar la vida.<\/p>\n<p style=\"text-align: justify;\">A\u00fan no hay fecha de estreno pero se sabe que las grabaciones comienzan en el mes de mayo.<\/p>\n<p style=\"text-align: justify;\">Informaci\u00f3n: Pronto.com.ar<\/p>\n<p style=\"text-align: justify;\">\n","protected":false},"excerpt":{"rendered":"<p>La ex Teen Angels no deja de sorprender. A pocos d\u00edas de haber iniciado su gira como cantante solista, la actriz se prepara para debutar al frente de un proyecto de TV en conjunto con Greenpeace. Despu\u00e9s de un fin de semana lleno de emociones, donde present\u00f3 su show musical a sala llena en el [&hellip;]<\/p>\n","protected":false},"author":9,"featured_media":18375,"comment_status":"closed","ping_status":"closed","sticky":false,"template":"","format":"standard","meta":{"_seopress_robots_primary_cat":"","_seopress_titles_title":"","_seopress_titles_desc":"","_seopress_robots_index":"","footnotes":""},"categories":[4],"tags":[27428,27426,27427],"class_list":{"0":"post-18360","1":"post","2":"type-post","3":"status-publish","4":"format-standard","5":"has-post-thumbnail","7":"category-famosos","8":"tag-lali-esposito-cuidado-del-medioambiente","9":"tag-lali-esposito-greenpeace","10":"tag-lali-esposito-quiero-mi-mundo"},"_links":{"self":[{"href":"https:\/\/www.cordobatimes.com\/showup\/wp-json\/wp\/v2\/posts\/18360","targetHints":{"allow":["GET"]}}],"collection":[{"href":"https:\/\/www.cordobatimes.com\/showup\/wp-json\/wp\/v2\/posts"}],"about":[{"href":"https:\/\/www.cordobatimes.com\/showup\/wp-json\/wp\/v2\/types\/post"}],"author":[{"embeddable":true,"href":"https:\/\/www.cordobatimes.com\/showup\/wp-json\/wp\/v2\/users\/9"}],"replies":[{"embeddable":true,"href":"https:\/\/www.cordobatimes.com\/showup\/wp-json\/wp\/v2\/comments?post=18360"}],"version-history":[{"count":0,"href":"https:\/\/www.cordobatimes.com\/showup\/wp-json\/wp\/v2\/posts\/18360\/revisions"}],"wp:featuredmedia":[{"embeddable":true,"href":"https:\/\/www.cordobatimes.com\/showup\/wp-json\/wp\/v2\/media\/18375"}],"wp:attachment":[{"href":"https:\/\/www.cordobatimes.com\/showup\/wp-json\/wp\/v2\/media?parent=18360"}],"wp:term":[{"taxonomy":"category","embeddable":true,"href":"https:\/\/www.cordobatimes.com\/showup\/wp-json\/wp\/v2\/categories?post=18360"},{"taxonomy":"post_tag","embeddable":true,"href":"https:\/\/www.cordobatimes.com\/showup\/wp-json\/wp\/v2\/tags?post=18360"}],"curies":[{"name":"wp","href":"https:\/\/api.w.org\/{rel}","templated":true}]}}