{"id":18141,"date":"2014-04-22T14:50:08","date_gmt":"2014-04-22T17:50:08","guid":{"rendered":"http:\/\/cordobatimes.com\/showup\/?p=18141"},"modified":"2019-12-25T11:30:58","modified_gmt":"2019-12-25T14:30:58","slug":"sebastian-el-reconocido-cuartetero-se-encuentra-internado-y-grave","status":"publish","type":"post","link":"https:\/\/www.cordobatimes.com\/showup\/famosos\/2014\/04\/22\/sebastian-el-reconocido-cuartetero-se-encuentra-internado-y-grave\/","title":{"rendered":"Sebasti\u00e1n, el reconocido cuartetero, se encuentra internado y grave"},"content":{"rendered":"<h3 style=\"text-align: justify;\"><strong>El cantante cordob\u00e9s de 60 a\u00f1os sufre un avanzado c\u00e1ncer de col\u00f3n. Medio locales confirmaron que est\u00e1 internado de urgencia y su estado es muy cr\u00edtico.<\/strong><\/h3>\n<p style=\"text-align: justify;\">Daniel Reyna conocido como Sebasti\u00e1n, \u00edcono del cuarteto cl\u00e1sico cordob\u00e9s, est\u00e1 en grave estado en el Sanatorio Allende de Nueva C\u00f3rdoba de la ciudad capital.<\/p>\n<p style=\"text-align: justify;\">El cantante tuvo que ser hospitalizado debido a una complicaci\u00f3n de la enfermedad que lo aqueja desde hace algunos a\u00f1os.<\/p>\n<p style=\"text-align: justify;\">El gran artista musical, sufre c\u00e1ncer de col\u00f3n, por lo que a fines de enero fu\u00e9 internado de urgencia y aunque hab\u00eda evolucionado favorablemente en los \u00faltimos d\u00edas, \u00a0sufri\u00f3 una descompensaci\u00f3n y su estado es grave.<\/p>\n<p style=\"text-align: justify;\">Por este medio brindamos el apoyo a familiares y amigos en este dif\u00edcil momento.\u00a0Compartimos con vos uno de sus cl\u00e1sicos.<\/p>\n<p><iframe loading=\"lazy\" src=\"\/\/www.youtube.com\/embed\/MnsUjO8Pcxs\" width=\"420\" height=\"315\" frameborder=\"0\" allowfullscreen=\"allowfullscreen\"><\/iframe><\/p>\n","protected":false},"excerpt":{"rendered":"<p>El cantante cordob\u00e9s de 60 a\u00f1os sufre un avanzado c\u00e1ncer de col\u00f3n. Medio locales confirmaron que est\u00e1 internado de urgencia y su estado es muy cr\u00edtico. Daniel Reyna conocido como Sebasti\u00e1n, \u00edcono del cuarteto cl\u00e1sico cordob\u00e9s, est\u00e1 en grave estado en el Sanatorio Allende de Nueva C\u00f3rdoba de la ciudad capital. El cantante tuvo que [&hellip;]<\/p>\n","protected":false},"author":9,"featured_media":18142,"comment_status":"closed","ping_status":"closed","sticky":false,"template":"","format":"standard","meta":{"_seopress_robots_primary_cat":"","_seopress_titles_title":"","_seopress_titles_desc":"","_seopress_robots_index":"","footnotes":""},"categories":[4],"tags":[27452,27451,27450],"class_list":{"0":"post-18141","1":"post","2":"type-post","3":"status-publish","4":"format-standard","5":"has-post-thumbnail","7":"category-famosos","8":"tag-daniel-reyna-cancer-de-colon","9":"tag-sebastian-cancer-de-colon","10":"tag-sebastian-internado"},"_links":{"self":[{"href":"https:\/\/www.cordobatimes.com\/showup\/wp-json\/wp\/v2\/posts\/18141","targetHints":{"allow":["GET"]}}],"collection":[{"href":"https:\/\/www.cordobatimes.com\/showup\/wp-json\/wp\/v2\/posts"}],"about":[{"href":"https:\/\/www.cordobatimes.com\/showup\/wp-json\/wp\/v2\/types\/post"}],"author":[{"embeddable":true,"href":"https:\/\/www.cordobatimes.com\/showup\/wp-json\/wp\/v2\/users\/9"}],"replies":[{"embeddable":true,"href":"https:\/\/www.cordobatimes.com\/showup\/wp-json\/wp\/v2\/comments?post=18141"}],"version-history":[{"count":0,"href":"https:\/\/www.cordobatimes.com\/showup\/wp-json\/wp\/v2\/posts\/18141\/revisions"}],"wp:featuredmedia":[{"embeddable":true,"href":"https:\/\/www.cordobatimes.com\/showup\/wp-json\/wp\/v2\/media\/18142"}],"wp:attachment":[{"href":"https:\/\/www.cordobatimes.com\/showup\/wp-json\/wp\/v2\/media?parent=18141"}],"wp:term":[{"taxonomy":"category","embeddable":true,"href":"https:\/\/www.cordobatimes.com\/showup\/wp-json\/wp\/v2\/categories?post=18141"},{"taxonomy":"post_tag","embeddable":true,"href":"https:\/\/www.cordobatimes.com\/showup\/wp-json\/wp\/v2\/tags?post=18141"}],"curies":[{"name":"wp","href":"https:\/\/api.w.org\/{rel}","templated":true}]}}