{"id":18081,"date":"2014-04-21T17:19:48","date_gmt":"2014-04-21T20:19:48","guid":{"rendered":"http:\/\/cordobatimes.com\/showup\/?p=18081"},"modified":"2019-12-25T12:31:12","modified_gmt":"2019-12-25T15:31:12","slug":"en-terapia-regresa-con-su-tercera-temporada","status":"publish","type":"post","link":"https:\/\/www.cordobatimes.com\/showup\/tv\/2014\/04\/21\/en-terapia-regresa-con-su-tercera-temporada\/","title":{"rendered":"\u00abEn Terapia\u00bb regresa con su tercera temporada"},"content":{"rendered":"<h3 style=\"text-align: justify;\"><strong>El contrato ya est\u00e1 listo y la firma de \u00e9l es un hecho. La exitosa ficci\u00f3n \u00a0estar\u00e1 nuevamente a cargo de Dori Media Contenidos junto a la Tv P\u00fablica.<\/strong><\/h3>\n<p style=\"text-align: justify;\">Esta nueva temporada, que contar\u00e1 con 28 episodios, estar\u00e1 adaptada a la transmitida por la cadena norteamericana HBO. Cuenta con tres pacientes y una pisc\u00f3loga que analizar\u00e1 al Dr. Montes. En la direcci\u00f3n continuar\u00e1 Alejandro Maci y se incorpora adem\u00e1s el reconocido director Alberto Lecchi. Cada uno tendr\u00e1 a su cargo dos historias diferentes.<\/p>\n<p style=\"text-align: justify;\">Por otra parte, Diego Peretti ya ha confirmado su participaci\u00f3n a esta nueva temporada. Las grabaciones comenzar\u00e1n en julio y la serie saldr\u00eda al aire en noviembre.<\/p>\n<p style=\"text-align: justify;\">\u201cEn Terapia\u201d es una serie que se centra en una pr\u00e1ctica habitual de la sociedad moderna: las sesiones de psicoan\u00e1lisis. Esta serie sigue la labor cotidiana del psic\u00f3logo Guillermo Montes, interpretado por Diego Peretti, a lo largo de su semana, mostrando en cada uno de sus episodios una sesi\u00f3n de terapia con sus pacientes.<\/p>\n","protected":false},"excerpt":{"rendered":"<p>El contrato ya est\u00e1 listo y la firma de \u00e9l es un hecho. La exitosa ficci\u00f3n \u00a0estar\u00e1 nuevamente a cargo de Dori Media Contenidos junto a la Tv P\u00fablica. Esta nueva temporada, que contar\u00e1 con 28 episodios, estar\u00e1 adaptada a la transmitida por la cadena norteamericana HBO. Cuenta con tres pacientes y una pisc\u00f3loga que [&hellip;]<\/p>\n","protected":false},"author":9,"featured_media":18082,"comment_status":"closed","ping_status":"closed","sticky":false,"template":"","format":"standard","meta":{"_seopress_robots_primary_cat":"","_seopress_titles_title":"","_seopress_titles_desc":"","_seopress_robots_index":"","footnotes":""},"categories":[2],"tags":[6005],"class_list":{"0":"post-18081","1":"post","2":"type-post","3":"status-publish","4":"format-standard","5":"has-post-thumbnail","7":"category-tv","8":"tag-tercera-temporada-de-en-terapia"},"_links":{"self":[{"href":"https:\/\/www.cordobatimes.com\/showup\/wp-json\/wp\/v2\/posts\/18081","targetHints":{"allow":["GET"]}}],"collection":[{"href":"https:\/\/www.cordobatimes.com\/showup\/wp-json\/wp\/v2\/posts"}],"about":[{"href":"https:\/\/www.cordobatimes.com\/showup\/wp-json\/wp\/v2\/types\/post"}],"author":[{"embeddable":true,"href":"https:\/\/www.cordobatimes.com\/showup\/wp-json\/wp\/v2\/users\/9"}],"replies":[{"embeddable":true,"href":"https:\/\/www.cordobatimes.com\/showup\/wp-json\/wp\/v2\/comments?post=18081"}],"version-history":[{"count":0,"href":"https:\/\/www.cordobatimes.com\/showup\/wp-json\/wp\/v2\/posts\/18081\/revisions"}],"wp:featuredmedia":[{"embeddable":true,"href":"https:\/\/www.cordobatimes.com\/showup\/wp-json\/wp\/v2\/media\/18082"}],"wp:attachment":[{"href":"https:\/\/www.cordobatimes.com\/showup\/wp-json\/wp\/v2\/media?parent=18081"}],"wp:term":[{"taxonomy":"category","embeddable":true,"href":"https:\/\/www.cordobatimes.com\/showup\/wp-json\/wp\/v2\/categories?post=18081"},{"taxonomy":"post_tag","embeddable":true,"href":"https:\/\/www.cordobatimes.com\/showup\/wp-json\/wp\/v2\/tags?post=18081"}],"curies":[{"name":"wp","href":"https:\/\/api.w.org\/{rel}","templated":true}]}}