{"id":17945,"date":"2014-04-20T12:55:29","date_gmt":"2014-04-20T15:55:29","guid":{"rendered":"http:\/\/cordobatimes.com\/showup\/?p=17945"},"modified":"2024-01-02T19:04:34","modified_gmt":"2024-01-02T22:04:34","slug":"banda-punk-realizo-un-tema-en-homenaje-a-ricardo-fort-video","status":"publish","type":"post","link":"https:\/\/www.cordobatimes.com\/showup\/famosos\/2014\/04\/20\/banda-punk-realizo-un-tema-en-homenaje-a-ricardo-fort-video\/","title":{"rendered":"Banda punk realiz\u00f3 un tema en homenaje a Ricardo Fort (Video)"},"content":{"rendered":"<h3 style=\"text-align: justify;\"><strong>La banda \u00abSin Etiqueta\u00bb quiso realizar un reconocimiento al chocolatero pero su nueva canci\u00f3n fue tomado, por algunos, como una broma y por otros, como un acto de veneraci\u00f3n.<\/strong><\/h3>\n<p style=\"text-align: justify;\">En clave punk, la banda recuerda al medi\u00e1tico millonario fallecido en noviembre del a\u00f1o pasado, con una letra que celebra su extravagancia y modo de vida.<\/p>\n<p style=\"text-align: justify;\">\u201cAdi\u00f3s Ricky, te extra\u00f1aremos, est\u00e1s viajando con tu Rolls Royce por el cielo\u201d, asegura la canci\u00f3n.<\/p>\n<p style=\"text-align: justify;\">\u00abSin Etiqueta\u00bb es una banda formada por Patricio \u201cPako\u201d Obieta en voz y guitarra, Bruno \u201cBruce\u201d Bernardi en voz y bajo y Leandro Gil B\u00e1ez en bater\u00eda.<\/p>\n<p style=\"text-align: justify;\">Combina influencias de Sublime, Rancid, Transplants, 311, NOFX y el estilo de vida de California, para contagiar buenos tiempos y ayudar a hundirse en el esp\u00edritu del verano.<\/p>\n<p><iframe loading=\"lazy\" src=\"\/\/www.youtube.com\/embed\/TaesMrCq-ME\" width=\"560\" height=\"315\" frameborder=\"0\" allowfullscreen=\"allowfullscreen\"><\/iframe><\/p>\n","protected":false},"excerpt":{"rendered":"<p>La banda \u00abSin Etiqueta\u00bb quiso realizar un reconocimiento al chocolatero pero su nueva canci\u00f3n fue tomado, por algunos, como una broma y por otros, como un acto de veneraci\u00f3n. En clave punk, la banda recuerda al medi\u00e1tico millonario fallecido en noviembre del a\u00f1o pasado, con una letra que celebra su extravagancia y modo de vida. [&hellip;]<\/p>\n","protected":false},"author":9,"featured_media":17946,"comment_status":"closed","ping_status":"closed","sticky":false,"template":"","format":"standard","meta":{"_seopress_robots_primary_cat":"","_seopress_titles_title":"","_seopress_titles_desc":"","_seopress_robots_index":"","footnotes":""},"categories":[4],"tags":[27469,27470,27471,38772],"class_list":{"0":"post-17945","1":"post","2":"type-post","3":"status-publish","4":"format-standard","5":"has-post-thumbnail","7":"category-famosos","8":"tag-banda-punk-homenaje-a-ricardo-fort","9":"tag-homenaje-a-ricardo-fort","10":"tag-ricky-sin-etiqueta","11":"tag-tema-en-homenaje-a-ricardo-fort"},"_links":{"self":[{"href":"https:\/\/www.cordobatimes.com\/showup\/wp-json\/wp\/v2\/posts\/17945","targetHints":{"allow":["GET"]}}],"collection":[{"href":"https:\/\/www.cordobatimes.com\/showup\/wp-json\/wp\/v2\/posts"}],"about":[{"href":"https:\/\/www.cordobatimes.com\/showup\/wp-json\/wp\/v2\/types\/post"}],"author":[{"embeddable":true,"href":"https:\/\/www.cordobatimes.com\/showup\/wp-json\/wp\/v2\/users\/9"}],"replies":[{"embeddable":true,"href":"https:\/\/www.cordobatimes.com\/showup\/wp-json\/wp\/v2\/comments?post=17945"}],"version-history":[{"count":0,"href":"https:\/\/www.cordobatimes.com\/showup\/wp-json\/wp\/v2\/posts\/17945\/revisions"}],"wp:featuredmedia":[{"embeddable":true,"href":"https:\/\/www.cordobatimes.com\/showup\/wp-json\/wp\/v2\/media\/17946"}],"wp:attachment":[{"href":"https:\/\/www.cordobatimes.com\/showup\/wp-json\/wp\/v2\/media?parent=17945"}],"wp:term":[{"taxonomy":"category","embeddable":true,"href":"https:\/\/www.cordobatimes.com\/showup\/wp-json\/wp\/v2\/categories?post=17945"},{"taxonomy":"post_tag","embeddable":true,"href":"https:\/\/www.cordobatimes.com\/showup\/wp-json\/wp\/v2\/tags?post=17945"}],"curies":[{"name":"wp","href":"https:\/\/api.w.org\/{rel}","templated":true}]}}