{"id":17885,"date":"2014-04-19T16:27:51","date_gmt":"2014-04-19T19:27:51","guid":{"rendered":"http:\/\/cordobatimes.com\/showup\/?p=17885"},"modified":"2019-12-28T09:24:53","modified_gmt":"2019-12-28T12:24:53","slug":"leo-farina-nuevos-rumores-de-golpiza-en-la-carcel","status":"publish","type":"post","link":"https:\/\/www.cordobatimes.com\/showup\/famosos\/2014\/04\/19\/leo-farina-nuevos-rumores-de-golpiza-en-la-carcel\/","title":{"rendered":"Leo Fari\u00f1a: nuevos rumores de golpiza en la c\u00e1rcel"},"content":{"rendered":"<h3 style=\"text-align: justify;\"><strong>El ex de Jelinek se encuentra en prisi\u00f3n por la causa de \u00abevasi\u00f3n fiscal\u00bb hace m\u00e1s de tres semana. Seg\u00fan el portal de Laura Ufbal el empresario habr\u00eda sido golpeado en la c\u00e1rcel de Ezeiza.\u00a0<\/strong><\/h3>\n<p style=\"text-align: justify;\">Ayer por la noche el medi\u00e1tico vivi\u00f3 un fuerte cruce con uno de sus compa\u00f1eros del penitenciario d\u00f3nde le habr\u00edan pegado \u00absin raz\u00f3n alguna\u00bb.<\/p>\n<p style=\"text-align: justify;\">Recordemos que Fari\u00f1a. se encuentra preso en la unidad penitenciaria de Ezeiza y por estos d\u00edas la justicia habr\u00eda decidido indagar a dos empresarios vinculados a la causa que lo tiene a \u00e9l como protagonista:lavado de dinero y evasi\u00f3n fiscal.<\/p>\n<p style=\"text-align: justify;\">La justicia estar\u00eda interesada en investigar ser\u00edan: Carlos Molinari , \u00absu jefe\u00bb y Roberto Erusalimsky.<\/p>\n<p>&nbsp;<\/p>\n","protected":false},"excerpt":{"rendered":"<p>El ex de Jelinek se encuentra en prisi\u00f3n por la causa de \u00abevasi\u00f3n fiscal\u00bb hace m\u00e1s de tres semana. Seg\u00fan el portal de Laura Ufbal el empresario habr\u00eda sido golpeado en la c\u00e1rcel de Ezeiza.\u00a0 Ayer por la noche el medi\u00e1tico vivi\u00f3 un fuerte cruce con uno de sus compa\u00f1eros del penitenciario d\u00f3nde le habr\u00edan [&hellip;]<\/p>\n","protected":false},"author":9,"featured_media":17292,"comment_status":"closed","ping_status":"closed","sticky":false,"template":"","format":"standard","meta":{"_seopress_robots_primary_cat":"","_seopress_titles_title":"","_seopress_titles_desc":"","_seopress_robots_index":"","footnotes":""},"categories":[4],"tags":[5955,27493],"class_list":{"0":"post-17885","1":"post","2":"type-post","3":"status-publish","4":"format-standard","5":"has-post-thumbnail","7":"category-famosos","8":"tag-farina-golpeado-en-la-carcel","9":"tag-leo-farina-preso-por-lavado-de-dinero"},"_links":{"self":[{"href":"https:\/\/www.cordobatimes.com\/showup\/wp-json\/wp\/v2\/posts\/17885","targetHints":{"allow":["GET"]}}],"collection":[{"href":"https:\/\/www.cordobatimes.com\/showup\/wp-json\/wp\/v2\/posts"}],"about":[{"href":"https:\/\/www.cordobatimes.com\/showup\/wp-json\/wp\/v2\/types\/post"}],"author":[{"embeddable":true,"href":"https:\/\/www.cordobatimes.com\/showup\/wp-json\/wp\/v2\/users\/9"}],"replies":[{"embeddable":true,"href":"https:\/\/www.cordobatimes.com\/showup\/wp-json\/wp\/v2\/comments?post=17885"}],"version-history":[{"count":0,"href":"https:\/\/www.cordobatimes.com\/showup\/wp-json\/wp\/v2\/posts\/17885\/revisions"}],"wp:featuredmedia":[{"embeddable":true,"href":"https:\/\/www.cordobatimes.com\/showup\/wp-json\/wp\/v2\/media\/17292"}],"wp:attachment":[{"href":"https:\/\/www.cordobatimes.com\/showup\/wp-json\/wp\/v2\/media?parent=17885"}],"wp:term":[{"taxonomy":"category","embeddable":true,"href":"https:\/\/www.cordobatimes.com\/showup\/wp-json\/wp\/v2\/categories?post=17885"},{"taxonomy":"post_tag","embeddable":true,"href":"https:\/\/www.cordobatimes.com\/showup\/wp-json\/wp\/v2\/tags?post=17885"}],"curies":[{"name":"wp","href":"https:\/\/api.w.org\/{rel}","templated":true}]}}