{"id":17848,"date":"2014-04-18T16:54:51","date_gmt":"2014-04-18T19:54:51","guid":{"rendered":"http:\/\/cordobatimes.com\/showup\/?p=17848"},"modified":"2019-12-28T10:17:39","modified_gmt":"2019-12-28T13:17:39","slug":"confirmado-pampita-esta-esperando-su-cuarto-hijo","status":"publish","type":"post","link":"https:\/\/www.cordobatimes.com\/showup\/famosos\/2014\/04\/18\/confirmado-pampita-esta-esperando-su-cuarto-hijo\/","title":{"rendered":"Confirmado: Pampita est\u00e1 esperando su cuarto hijo"},"content":{"rendered":"<h3><strong>La modelo y Benjam\u00edn Vicu\u00f1a est\u00e1n en la dulce espera. Los rumores comenzaron en Chile, en donde la pareja est\u00e1 instalada, y \u00c1ngel de Brito lo confirm\u00f3 en su cuenta de Twitter en Argentina.<\/strong><\/h3>\n<p>Pampita est\u00e1 embarazada de cuatro meses y aunque los protagonistas a\u00fan no confirmaron ni se hicieron eco de la noticia, est\u00e1n felices y lo comparten con sus familiares y amigos.<\/p>\n<p>Ser\u00e1 el cuarto hijo de la pareja, padres de Bautista y Beltr\u00e1n, y Blanca, quien muri\u00f3 el 8 de septiembre de 2012.<\/p>\n<p>Una gran noticia que hace que la familia Vicu\u00f1a vuelva a sonre\u00edr, luego de tanto dolor que sufri\u00f3 por la terrible perdida de Blanquita.<\/p>\n","protected":false},"excerpt":{"rendered":"<p>La modelo y Benjam\u00edn Vicu\u00f1a est\u00e1n en la dulce espera. Los rumores comenzaron en Chile, en donde la pareja est\u00e1 instalada, y \u00c1ngel de Brito lo confirm\u00f3 en su cuenta de Twitter en Argentina. Pampita est\u00e1 embarazada de cuatro meses y aunque los protagonistas a\u00fan no confirmaron ni se hicieron eco de la noticia, est\u00e1n [&hellip;]<\/p>\n","protected":false},"author":9,"featured_media":17854,"comment_status":"closed","ping_status":"closed","sticky":false,"template":"","format":"standard","meta":{"_seopress_robots_primary_cat":"","_seopress_titles_title":"","_seopress_titles_desc":"","_seopress_robots_index":"","footnotes":""},"categories":[4],"tags":[27363,5342,25507],"class_list":{"0":"post-17848","1":"post","2":"type-post","3":"status-publish","4":"format-standard","5":"has-post-thumbnail","7":"category-famosos","8":"tag-hijos-de-pampita-y-benjamin-vicuna","9":"tag-pampita-embarazada","10":"tag-pampita-y-benjamin-vicuna"},"_links":{"self":[{"href":"https:\/\/www.cordobatimes.com\/showup\/wp-json\/wp\/v2\/posts\/17848","targetHints":{"allow":["GET"]}}],"collection":[{"href":"https:\/\/www.cordobatimes.com\/showup\/wp-json\/wp\/v2\/posts"}],"about":[{"href":"https:\/\/www.cordobatimes.com\/showup\/wp-json\/wp\/v2\/types\/post"}],"author":[{"embeddable":true,"href":"https:\/\/www.cordobatimes.com\/showup\/wp-json\/wp\/v2\/users\/9"}],"replies":[{"embeddable":true,"href":"https:\/\/www.cordobatimes.com\/showup\/wp-json\/wp\/v2\/comments?post=17848"}],"version-history":[{"count":0,"href":"https:\/\/www.cordobatimes.com\/showup\/wp-json\/wp\/v2\/posts\/17848\/revisions"}],"wp:featuredmedia":[{"embeddable":true,"href":"https:\/\/www.cordobatimes.com\/showup\/wp-json\/wp\/v2\/media\/17854"}],"wp:attachment":[{"href":"https:\/\/www.cordobatimes.com\/showup\/wp-json\/wp\/v2\/media?parent=17848"}],"wp:term":[{"taxonomy":"category","embeddable":true,"href":"https:\/\/www.cordobatimes.com\/showup\/wp-json\/wp\/v2\/categories?post=17848"},{"taxonomy":"post_tag","embeddable":true,"href":"https:\/\/www.cordobatimes.com\/showup\/wp-json\/wp\/v2\/tags?post=17848"}],"curies":[{"name":"wp","href":"https:\/\/api.w.org\/{rel}","templated":true}]}}