{"id":17771,"date":"2014-04-17T16:39:11","date_gmt":"2014-04-17T19:39:11","guid":{"rendered":"http:\/\/cordobatimes.com\/showup\/?p=17771"},"modified":"2019-12-29T07:30:14","modified_gmt":"2019-12-29T10:30:14","slug":"no-lo-viste-la-tigresa-del-oriente-se-vistio-de-evita-video","status":"publish","type":"post","link":"https:\/\/www.cordobatimes.com\/showup\/famosos\/2014\/04\/17\/no-lo-viste-la-tigresa-del-oriente-se-vistio-de-evita-video\/","title":{"rendered":"\u00bfNo lo viste? La Tigresa del Oriente se visti\u00f3 de Evita (Video)"},"content":{"rendered":"<h3 style=\"text-align: justify;\"><strong>La llamativa cantante no pierde el tiempo y siempre busca sorprender a sus seguidores. Esta vez film\u00f3 un clip en plena Casa Rosada personificando a la reconocida Eva Per\u00f3n.\u00a0<\/strong><\/h3>\n<p style=\"text-align: justify;\">En su \u00faltimo video musical se la puede ver a la cantante peruana, la Tigresa de Oriente, paseando frente a la Casa de Gobierno. En su canci\u00f3n le desea suerte a la Argentina en el Mundial y le rinde tributo a Evita.<\/p>\n<p style=\"text-align: justify;\">En declaraciones radiales, la artista confirm\u00f3 que estuvo en Casa de Gobierno y que la presidenta estaba al tanto de esto. Sin embargo no confirm\u00f3 ni desminti\u00f3, que el video se haya realizado dentro del edificio gubernamental. Fuentes oficiales aseguraron que el despacho donde filmaron el video no es en la Casa Rosada.<\/p>\n<p><iframe loading=\"lazy\" src=\"\/\/www.youtube.com\/embed\/OwAR1UFwC48\" width=\"560\" height=\"315\" frameborder=\"0\" allowfullscreen=\"allowfullscreen\"><\/iframe><\/p>\n","protected":false},"excerpt":{"rendered":"<p>La llamativa cantante no pierde el tiempo y siempre busca sorprender a sus seguidores. Esta vez film\u00f3 un clip en plena Casa Rosada personificando a la reconocida Eva Per\u00f3n.\u00a0 En su \u00faltimo video musical se la puede ver a la cantante peruana, la Tigresa de Oriente, paseando frente a la Casa de Gobierno. En su [&hellip;]<\/p>\n","protected":false},"author":9,"featured_media":17772,"comment_status":"closed","ping_status":"closed","sticky":false,"template":"","format":"standard","meta":{"_seopress_robots_primary_cat":"","_seopress_titles_title":"","_seopress_titles_desc":"","_seopress_robots_index":"","footnotes":""},"categories":[4],"tags":[27511,27509,27510],"class_list":{"0":"post-17771","1":"post","2":"type-post","3":"status-publish","4":"format-standard","5":"has-post-thumbnail","7":"category-famosos","8":"tag-la-tigresa-del-oriente-en-casa-rosada","9":"tag-la-tigresa-del-oriente-eva-peron","10":"tag-la-tigresa-del-oriente-no-llores-por-mi-argentina"},"_links":{"self":[{"href":"https:\/\/www.cordobatimes.com\/showup\/wp-json\/wp\/v2\/posts\/17771","targetHints":{"allow":["GET"]}}],"collection":[{"href":"https:\/\/www.cordobatimes.com\/showup\/wp-json\/wp\/v2\/posts"}],"about":[{"href":"https:\/\/www.cordobatimes.com\/showup\/wp-json\/wp\/v2\/types\/post"}],"author":[{"embeddable":true,"href":"https:\/\/www.cordobatimes.com\/showup\/wp-json\/wp\/v2\/users\/9"}],"replies":[{"embeddable":true,"href":"https:\/\/www.cordobatimes.com\/showup\/wp-json\/wp\/v2\/comments?post=17771"}],"version-history":[{"count":0,"href":"https:\/\/www.cordobatimes.com\/showup\/wp-json\/wp\/v2\/posts\/17771\/revisions"}],"wp:featuredmedia":[{"embeddable":true,"href":"https:\/\/www.cordobatimes.com\/showup\/wp-json\/wp\/v2\/media\/17772"}],"wp:attachment":[{"href":"https:\/\/www.cordobatimes.com\/showup\/wp-json\/wp\/v2\/media?parent=17771"}],"wp:term":[{"taxonomy":"category","embeddable":true,"href":"https:\/\/www.cordobatimes.com\/showup\/wp-json\/wp\/v2\/categories?post=17771"},{"taxonomy":"post_tag","embeddable":true,"href":"https:\/\/www.cordobatimes.com\/showup\/wp-json\/wp\/v2\/tags?post=17771"}],"curies":[{"name":"wp","href":"https:\/\/api.w.org\/{rel}","templated":true}]}}