{"id":17675,"date":"2014-04-16T15:22:55","date_gmt":"2014-04-16T18:22:55","guid":{"rendered":"http:\/\/cordobatimes.com\/showup\/?p=17675"},"modified":"2024-01-02T19:02:08","modified_gmt":"2024-01-02T22:02:08","slug":"terrible-salieron-a-la-luz-las-escuchas-entre-barbieri-y-bal-video","status":"publish","type":"post","link":"https:\/\/www.cordobatimes.com\/showup\/famosos\/2014\/04\/16\/terrible-salieron-a-la-luz-las-escuchas-entre-barbieri-y-bal-video\/","title":{"rendered":"\u00a1Terrible! Salieron a la luz las escuchas entre Barbieri y Bal (Video)"},"content":{"rendered":"<h3><strong>Despu\u00e9s de tantos amagues, Carmen le entreg\u00f3 a Intrusos una grabaci\u00f3n de una charla \u00edntima con su ex marido donde se dicen de todo. \u00bfNo lo viste? Show Up lo tiene para vos.<\/strong><\/h3>\n<p>Las frases que se logran o\u00edr son de un valor contundente donde Carmen indaga sobre las acciones de Santiago Bal, donde se puede escuchar al productor y actor mencionar la intimidad que compart\u00eda con Paleo.<\/p>\n<p>Tras a\u00f1os de negaciones y duras acusaciones contra Carmen Barbieri, tild\u00e1ndola de \u00abinsana\u00bb o \u00abbipolar\u00bb por supuesta falsedad de sus dichos, ahora la verdad sale a la luz. Sin embargo, la edici\u00f3n deja traslucir que hay m\u00e1s nombres y personalidades involucradas en el asunto.<\/p>\n<p>No te pierdas este v\u00eddeo m\u00e1s que \u00edntimo.<\/p>\n<div style=\"width: 482px;\" class=\"wp-video\"><video class=\"wp-video-shortcode\" id=\"video-17675-1\" width=\"482\" height=\"360\" preload=\"metadata\" controls=\"controls\"><source type=\"video\/mp4\" src=\"https:\/\/www.cordobatimes.com\/showup\/wp-content\/uploads\/2014\/04\/videoplayback-8.mp4?_=1\" \/><a href=\"https:\/\/www.cordobatimes.com\/showup\/wp-content\/uploads\/2014\/04\/videoplayback-8.mp4\">https:\/\/www.cordobatimes.com\/showup\/wp-content\/uploads\/2014\/04\/videoplayback-8.mp4<\/a><\/video><\/div>\n","protected":false},"excerpt":{"rendered":"<p>Despu\u00e9s de tantos amagues, Carmen le entreg\u00f3 a Intrusos una grabaci\u00f3n de una charla \u00edntima con su ex marido donde se dicen de todo. \u00bfNo lo viste? Show Up lo tiene para vos. Las frases que se logran o\u00edr son de un valor contundente donde Carmen indaga sobre las acciones de Santiago Bal, donde se [&hellip;]<\/p>\n","protected":false},"author":9,"featured_media":17676,"comment_status":"closed","ping_status":"closed","sticky":false,"template":"","format":"standard","meta":{"_seopress_robots_primary_cat":"","_seopress_titles_title":"","_seopress_titles_desc":"","_seopress_robots_index":"","footnotes":""},"categories":[4],"tags":[38771,27537,27536,26847],"class_list":{"0":"post-17675","1":"post","2":"type-post","3":"status-publish","4":"format-standard","5":"has-post-thumbnail","7":"category-famosos","8":"tag-carmen-barbieri-santiago-bal","9":"tag-escuchas-entre-carmen-barbieri-y-santiago-bal","10":"tag-santiago-bal-ayelen-paleo","11":"tag-santiago-bal-carmen-barbieri"},"_links":{"self":[{"href":"https:\/\/www.cordobatimes.com\/showup\/wp-json\/wp\/v2\/posts\/17675","targetHints":{"allow":["GET"]}}],"collection":[{"href":"https:\/\/www.cordobatimes.com\/showup\/wp-json\/wp\/v2\/posts"}],"about":[{"href":"https:\/\/www.cordobatimes.com\/showup\/wp-json\/wp\/v2\/types\/post"}],"author":[{"embeddable":true,"href":"https:\/\/www.cordobatimes.com\/showup\/wp-json\/wp\/v2\/users\/9"}],"replies":[{"embeddable":true,"href":"https:\/\/www.cordobatimes.com\/showup\/wp-json\/wp\/v2\/comments?post=17675"}],"version-history":[{"count":0,"href":"https:\/\/www.cordobatimes.com\/showup\/wp-json\/wp\/v2\/posts\/17675\/revisions"}],"wp:featuredmedia":[{"embeddable":true,"href":"https:\/\/www.cordobatimes.com\/showup\/wp-json\/wp\/v2\/media\/17676"}],"wp:attachment":[{"href":"https:\/\/www.cordobatimes.com\/showup\/wp-json\/wp\/v2\/media?parent=17675"}],"wp:term":[{"taxonomy":"category","embeddable":true,"href":"https:\/\/www.cordobatimes.com\/showup\/wp-json\/wp\/v2\/categories?post=17675"},{"taxonomy":"post_tag","embeddable":true,"href":"https:\/\/www.cordobatimes.com\/showup\/wp-json\/wp\/v2\/tags?post=17675"}],"curies":[{"name":"wp","href":"https:\/\/api.w.org\/{rel}","templated":true}]}}