{"id":17639,"date":"2014-04-16T15:04:54","date_gmt":"2014-04-16T18:04:54","guid":{"rendered":"http:\/\/cordobatimes.com\/showup\/?p=17639"},"modified":"2024-01-02T18:43:41","modified_gmt":"2024-01-02T21:43:41","slug":"carmen-y-santiago-la-historia-sin-fin-video","status":"publish","type":"post","link":"https:\/\/www.cordobatimes.com\/showup\/tv\/2014\/04\/16\/carmen-y-santiago-la-historia-sin-fin-video\/","title":{"rendered":"Carmen y Santiago: la historia sin fin (Video)"},"content":{"rendered":"<h3 style=\"text-align: justify;\"><b>Seg\u00fan trascendi\u00f3, la productora y el humorista se encontraron en un restaurante donde hubo un fuerte cruce entre los \u00abexs\u00bb.<\/b><\/h3>\n<p style=\"text-align: justify;\">Tal cual como relat\u00f3 el due\u00f1o de \u00abEl Corral\u00f3n\u00bb, la capoc\u00f3mica y el productor se encontraron de casualidad y todo transcurr\u00eda en tranquilidad hasta que Santiago Bal se levant\u00f3 de su silla y al pasar por la mesa de Carmen le dijo: \u00abhola mi amor\u00bb, luego de que el fin de semana hablara en los medios sobre la disputa legal que mantienen.<\/p>\n<p style=\"text-align: justify;\">\u00abSantiago se va y a Carmen le sale el barrio de adentro, lo sigue y se resbala al piso pero se levanta como un resorte. Le pregunta por qu\u00e9 le quiere sacar plata y \u00e9l le responde &#8216;te voy a dejar sin nada&#8217;. Entonces, ella le tira un manotazo\u00bb, relat\u00f3 en Desayuno Americano\u00a0Guillermo Miguel.<\/p>\n<p style=\"text-align: justify;\">Por su parte, Carmen estuvo presente en el piso de Intrusos para contar su versi\u00f3n e hizo fuertes declaraciones:\u00a0\u00abSantiago siempre me maltrat\u00f3 psicol\u00f3gicamente y nunca lo denunci\u00e9\u00bb.<\/p>\n<p>&nbsp;<\/p>\n<p><iframe loading=\"lazy\" src=\"https:\/\/www.youtube.com\/embed\/ADzaOHpB9UA\" width=\"560\" height=\"315\" frameborder=\"0\" allowfullscreen=\"allowfullscreen\"><\/iframe><\/p>\n","protected":false},"excerpt":{"rendered":"<p>Seg\u00fan trascendi\u00f3, la productora y el humorista se encontraron en un restaurante donde hubo un fuerte cruce entre los \u00abexs\u00bb. Tal cual como relat\u00f3 el due\u00f1o de \u00abEl Corral\u00f3n\u00bb, la capoc\u00f3mica y el productor se encontraron de casualidad y todo transcurr\u00eda en tranquilidad hasta que Santiago Bal se levant\u00f3 de su silla y al pasar [&hellip;]<\/p>\n","protected":false},"author":9,"featured_media":17672,"comment_status":"closed","ping_status":"closed","sticky":false,"template":"","format":"standard","meta":{"_seopress_robots_primary_cat":"","_seopress_titles_title":"","_seopress_titles_desc":"","_seopress_robots_index":"","footnotes":""},"categories":[2],"tags":[27538,27539,27537],"class_list":{"0":"post-17639","1":"post","2":"type-post","3":"status-publish","4":"format-standard","5":"has-post-thumbnail","7":"category-tv","8":"tag-carmen-barbieri-y-santiago-bal","9":"tag-carmen-barbieri-y-santiago-bal-pelea","10":"tag-escuchas-entre-carmen-barbieri-y-santiago-bal"},"_links":{"self":[{"href":"https:\/\/www.cordobatimes.com\/showup\/wp-json\/wp\/v2\/posts\/17639","targetHints":{"allow":["GET"]}}],"collection":[{"href":"https:\/\/www.cordobatimes.com\/showup\/wp-json\/wp\/v2\/posts"}],"about":[{"href":"https:\/\/www.cordobatimes.com\/showup\/wp-json\/wp\/v2\/types\/post"}],"author":[{"embeddable":true,"href":"https:\/\/www.cordobatimes.com\/showup\/wp-json\/wp\/v2\/users\/9"}],"replies":[{"embeddable":true,"href":"https:\/\/www.cordobatimes.com\/showup\/wp-json\/wp\/v2\/comments?post=17639"}],"version-history":[{"count":0,"href":"https:\/\/www.cordobatimes.com\/showup\/wp-json\/wp\/v2\/posts\/17639\/revisions"}],"wp:featuredmedia":[{"embeddable":true,"href":"https:\/\/www.cordobatimes.com\/showup\/wp-json\/wp\/v2\/media\/17672"}],"wp:attachment":[{"href":"https:\/\/www.cordobatimes.com\/showup\/wp-json\/wp\/v2\/media?parent=17639"}],"wp:term":[{"taxonomy":"category","embeddable":true,"href":"https:\/\/www.cordobatimes.com\/showup\/wp-json\/wp\/v2\/categories?post=17639"},{"taxonomy":"post_tag","embeddable":true,"href":"https:\/\/www.cordobatimes.com\/showup\/wp-json\/wp\/v2\/tags?post=17639"}],"curies":[{"name":"wp","href":"https:\/\/api.w.org\/{rel}","templated":true}]}}