{"id":17584,"date":"2014-04-15T13:42:57","date_gmt":"2014-04-15T16:42:57","guid":{"rendered":"http:\/\/cordobatimes.com\/showup\/?p=17584"},"modified":"2019-12-29T13:15:31","modified_gmt":"2019-12-29T16:15:31","slug":"todos-contra-mirtha-ahora-marina-calabro-le-retruco-video","status":"publish","type":"post","link":"https:\/\/www.cordobatimes.com\/showup\/tv\/2014\/04\/15\/todos-contra-mirtha-ahora-marina-calabro-le-retruco-video\/","title":{"rendered":"\u00a1Todos contra Mirtha!: ahora Marina Calabr\u00f3 le retruc\u00f3 (Video)"},"content":{"rendered":"<h3 style=\"text-align: justify;\"><strong>La diva de los almuerzos habl\u00f3 de la menor de las Calabr\u00f3 y la panelista de Infama, sin pelos en la lengua, le contest\u00f3.<\/strong><\/h3>\n<p style=\"text-align: justify;\">La periodista de Infama le habl\u00f3 a Mirtha Legrand que hab\u00eda hablado de ella en su programa y no en los mejores t\u00e9rminos.<\/p>\n<p style=\"text-align: justify;\">La diva hab\u00eda dicho detr\u00e1s de escena: \u00abMarina Calabr\u00f3 es mal\u00edsima\u00bb, y ella al respecto dijo: \u00abLe quiero decir a la se\u00f1ora, que soy feliz en este programa, le agradezco a Santiago, a Am\u00e9rica esta posibilidad y me encanta hacer lo que hago.\u00bb<\/p>\n<p style=\"text-align: justify;\">El tema se puso m\u00e1s caliente cuando Marina subi\u00f3 la temperatura y aclar\u00f3: \u00ab\u00bfSabe cu\u00e1l es la diferencia entre usted y yo?, yo lo que hago, lo hago con convicci\u00f3n, con profesionalismo, con honestidad y con orgullo. Usted hace lo mismo pero reniega con lo que hace\u00bb.<\/p>\n<p style=\"text-align: justify;\">Pero no te cuento m\u00e1s, mir\u00e1 el video.<\/p>\n<p><iframe loading=\"lazy\" src=\"\/\/www.youtube.com\/embed\/FqwNV2OjwJo\" width=\"420\" height=\"315\" frameborder=\"0\" allowfullscreen=\"allowfullscreen\"><\/iframe><\/p>\n","protected":false},"excerpt":{"rendered":"<p>La diva de los almuerzos habl\u00f3 de la menor de las Calabr\u00f3 y la panelista de Infama, sin pelos en la lengua, le contest\u00f3. La periodista de Infama le habl\u00f3 a Mirtha Legrand que hab\u00eda hablado de ella en su programa y no en los mejores t\u00e9rminos. La diva hab\u00eda dicho detr\u00e1s de escena: \u00abMarina [&hellip;]<\/p>\n","protected":false},"author":9,"featured_media":17589,"comment_status":"closed","ping_status":"closed","sticky":false,"template":"","format":"standard","meta":{"_seopress_robots_primary_cat":"","_seopress_titles_title":"","_seopress_titles_desc":"","_seopress_robots_index":"","footnotes":""},"categories":[2],"tags":[27547],"class_list":{"0":"post-17584","1":"post","2":"type-post","3":"status-publish","4":"format-standard","5":"has-post-thumbnail","7":"category-tv","8":"tag-mirtha-legrand-marina-calabro"},"_links":{"self":[{"href":"https:\/\/www.cordobatimes.com\/showup\/wp-json\/wp\/v2\/posts\/17584","targetHints":{"allow":["GET"]}}],"collection":[{"href":"https:\/\/www.cordobatimes.com\/showup\/wp-json\/wp\/v2\/posts"}],"about":[{"href":"https:\/\/www.cordobatimes.com\/showup\/wp-json\/wp\/v2\/types\/post"}],"author":[{"embeddable":true,"href":"https:\/\/www.cordobatimes.com\/showup\/wp-json\/wp\/v2\/users\/9"}],"replies":[{"embeddable":true,"href":"https:\/\/www.cordobatimes.com\/showup\/wp-json\/wp\/v2\/comments?post=17584"}],"version-history":[{"count":0,"href":"https:\/\/www.cordobatimes.com\/showup\/wp-json\/wp\/v2\/posts\/17584\/revisions"}],"wp:featuredmedia":[{"embeddable":true,"href":"https:\/\/www.cordobatimes.com\/showup\/wp-json\/wp\/v2\/media\/17589"}],"wp:attachment":[{"href":"https:\/\/www.cordobatimes.com\/showup\/wp-json\/wp\/v2\/media?parent=17584"}],"wp:term":[{"taxonomy":"category","embeddable":true,"href":"https:\/\/www.cordobatimes.com\/showup\/wp-json\/wp\/v2\/categories?post=17584"},{"taxonomy":"post_tag","embeddable":true,"href":"https:\/\/www.cordobatimes.com\/showup\/wp-json\/wp\/v2\/tags?post=17584"}],"curies":[{"name":"wp","href":"https:\/\/api.w.org\/{rel}","templated":true}]}}