{"id":17559,"date":"2014-04-15T12:58:36","date_gmt":"2014-04-15T15:58:36","guid":{"rendered":"http:\/\/cordobatimes.com\/showup\/?p=17559"},"modified":"2019-12-29T13:32:41","modified_gmt":"2019-12-29T16:32:41","slug":"decidida-tamara-gala-y-ayelen-paleo-a-juicio-video","status":"publish","type":"post","link":"https:\/\/www.cordobatimes.com\/showup\/famosos\/2014\/04\/15\/decidida-tamara-gala-y-ayelen-paleo-a-juicio-video\/","title":{"rendered":"\u00a1Decidida! Tamara Gala y Ayel\u00e9n Paleo a juicio (Video)"},"content":{"rendered":"<h3 style=\"text-align: justify;\"><strong>Carmen Barbieri estuvo muy atenta a las declaraciones de las bailarinas en el programa de Pamela David, \u00abDesayuno americano\u00bb.\u00a0<\/strong><\/h3>\n<p style=\"text-align: justify;\">La capoc\u00f3mica estall\u00f3 por twitter al \u00a0escuchar las declaraciones de la ex de su marido y de la ex de su hijo d\u00f3nde, seg\u00fan la socia de Moria Cas\u00e1n, \u00abopinaban sin saber\u00bb.<\/p>\n<p style=\"text-align: justify;\">La productora teatral iniciar\u00e1 acciones legales contra ambas, asi lo confirm\u00f3 a trav\u00e9s de su cuenta oficial en la red social preferida de los famosos.<\/p>\n<p style=\"text-align: justify;\">No te pierdas los tweets y el video del conflicto.<\/p>\n<blockquote class=\"twitter-tweet\" lang=\"es\"><p>Todas a juicioooo<\/p>\n<p>\u2014 Carmen Luz Barbieri (@Carmen_LaLeona) <a href=\"https:\/\/twitter.com\/Carmen_LaLeona\/statuses\/456064816457994240\">April 15, 2014<\/a><\/p><\/blockquote>\n<p><script charset=\"utf-8\" type=\"text\/javascript\" src=\"\/\/platform.twitter.com\/widgets.js\" async=\"\"><\/script><\/p>\n<blockquote class=\"twitter-tweet\" lang=\"es\"><p>Abogado cuanto trabajo todas a juicioooo<\/p>\n<p>\u2014 Carmen Luz Barbieri (@Carmen_LaLeona) <a href=\"https:\/\/twitter.com\/Carmen_LaLeona\/statuses\/456065116237467650\">April 15, 2014<\/a><\/p><\/blockquote>\n<p>&nbsp;<\/p>\n<blockquote class=\"twitter-tweet\" lang=\"es\"><p>Juicio por hablar de mi sin tener pruebas sin saber lo que dicen sin haber estado en el lugar y burlando de mi dolor<\/p>\n<p>\u2014 Carmen Luz Barbieri (@Carmen_LaLeona) <a href=\"https:\/\/twitter.com\/Carmen_LaLeona\/statuses\/456071622525747200\">April 15, 2014<\/a><\/p><\/blockquote>\n<p><script charset=\"utf-8\" type=\"text\/javascript\" src=\"\/\/platform.twitter.com\/widgets.js\" async=\"\"><\/script><\/p>\n<blockquote class=\"twitter-tweet\" lang=\"es\"><p>Abogados trabajando ya salta la verdad de las que hablan y mienten e inventan ya se vera video y audio de cada una de ellas<\/p>\n<p>\u2014 Carmen Luz Barbieri (@Carmen_LaLeona) <a href=\"https:\/\/twitter.com\/Carmen_LaLeona\/statuses\/456072582425772032\">April 15, 2014<\/a><\/p><\/blockquote>\n<p>&nbsp;<\/p>\n<p><iframe loading=\"lazy\" src=\"\/\/www.youtube.com\/embed\/S-_o5XL-ENs\" width=\"420\" height=\"315\" frameborder=\"0\" allowfullscreen=\"allowfullscreen\"><\/iframe><\/p>\n","protected":false},"excerpt":{"rendered":"<p>Carmen Barbieri estuvo muy atenta a las declaraciones de las bailarinas en el programa de Pamela David, \u00abDesayuno americano\u00bb.\u00a0 La capoc\u00f3mica estall\u00f3 por twitter al \u00a0escuchar las declaraciones de la ex de su marido y de la ex de su hijo d\u00f3nde, seg\u00fan la socia de Moria Cas\u00e1n, \u00abopinaban sin saber\u00bb. La productora teatral iniciar\u00e1 [&hellip;]<\/p>\n","protected":false},"author":9,"featured_media":17567,"comment_status":"closed","ping_status":"closed","sticky":false,"template":"","format":"standard","meta":{"_seopress_robots_primary_cat":"","_seopress_titles_title":"","_seopress_titles_desc":"","_seopress_robots_index":"","footnotes":""},"categories":[4],"tags":[27550,27549],"class_list":{"0":"post-17559","1":"post","2":"type-post","3":"status-publish","4":"format-standard","5":"has-post-thumbnail","7":"category-famosos","8":"tag-juicio-de-carmen-barbieri","9":"tag-tamara-gala-y-ayelen-paleo"},"_links":{"self":[{"href":"https:\/\/www.cordobatimes.com\/showup\/wp-json\/wp\/v2\/posts\/17559","targetHints":{"allow":["GET"]}}],"collection":[{"href":"https:\/\/www.cordobatimes.com\/showup\/wp-json\/wp\/v2\/posts"}],"about":[{"href":"https:\/\/www.cordobatimes.com\/showup\/wp-json\/wp\/v2\/types\/post"}],"author":[{"embeddable":true,"href":"https:\/\/www.cordobatimes.com\/showup\/wp-json\/wp\/v2\/users\/9"}],"replies":[{"embeddable":true,"href":"https:\/\/www.cordobatimes.com\/showup\/wp-json\/wp\/v2\/comments?post=17559"}],"version-history":[{"count":0,"href":"https:\/\/www.cordobatimes.com\/showup\/wp-json\/wp\/v2\/posts\/17559\/revisions"}],"wp:featuredmedia":[{"embeddable":true,"href":"https:\/\/www.cordobatimes.com\/showup\/wp-json\/wp\/v2\/media\/17567"}],"wp:attachment":[{"href":"https:\/\/www.cordobatimes.com\/showup\/wp-json\/wp\/v2\/media?parent=17559"}],"wp:term":[{"taxonomy":"category","embeddable":true,"href":"https:\/\/www.cordobatimes.com\/showup\/wp-json\/wp\/v2\/categories?post=17559"},{"taxonomy":"post_tag","embeddable":true,"href":"https:\/\/www.cordobatimes.com\/showup\/wp-json\/wp\/v2\/tags?post=17559"}],"curies":[{"name":"wp","href":"https:\/\/api.w.org\/{rel}","templated":true}]}}