{"id":17518,"date":"2014-04-14T17:46:37","date_gmt":"2014-04-14T20:46:37","guid":{"rendered":"http:\/\/cordobatimes.com\/showup\/?p=17518"},"modified":"2019-12-29T16:54:01","modified_gmt":"2019-12-29T19:54:01","slug":"valeria-gastaldi-estreno-sensual-video-junto-a-sofia-gala","status":"publish","type":"post","link":"https:\/\/www.cordobatimes.com\/showup\/musica\/2014\/04\/14\/valeria-gastaldi-estreno-sensual-video-junto-a-sofia-gala\/","title":{"rendered":"Valeria Gastaldi estren\u00f3 sensual video junto a Sof\u00eda Gala"},"content":{"rendered":"<h3 style=\"text-align: justify;\"><strong>La medi\u00e1tica hija de Moria Cas\u00e1n particip\u00f3 en la nueva producci\u00f3n de la ex Bandana, personificando a una sexy boxeadora que seduce a la cantante.\u00a0<\/strong><\/h3>\n<p style=\"text-align: justify;\">\u201cMover Tu Cama\u201d, es el nuevo corte de \u201cMirame de Cerca\u201d, la producci\u00f3n de Gastaldi que saldr\u00e1 a la venta en mayo.<\/p>\n<p style=\"text-align: justify;\">Este ser\u00e1 el tercer disco solista de Gastaldi, que adem\u00e1s grab\u00f3 otros cuatro con las Bandana.<\/p>\n<p style=\"text-align: justify;\">No te pierdas el casi sexual video.<\/p>\n<p><iframe loading=\"lazy\" src=\"\/\/www.youtube.com\/embed\/W38IK_xhwic\" width=\"560\" height=\"315\" frameborder=\"0\" allowfullscreen=\"allowfullscreen\"><\/iframe><\/p>\n","protected":false},"excerpt":{"rendered":"<p>La medi\u00e1tica hija de Moria Cas\u00e1n particip\u00f3 en la nueva producci\u00f3n de la ex Bandana, personificando a una sexy boxeadora que seduce a la cantante.\u00a0 \u201cMover Tu Cama\u201d, es el nuevo corte de \u201cMirame de Cerca\u201d, la producci\u00f3n de Gastaldi que saldr\u00e1 a la venta en mayo. Este ser\u00e1 el tercer disco solista de Gastaldi, [&hellip;]<\/p>\n","protected":false},"author":9,"featured_media":17519,"comment_status":"closed","ping_status":"closed","sticky":false,"template":"","format":"standard","meta":{"_seopress_robots_primary_cat":"","_seopress_titles_title":"","_seopress_titles_desc":"","_seopress_robots_index":"","footnotes":""},"categories":[5],"tags":[27560,27561],"class_list":{"0":"post-17518","1":"post","2":"type-post","3":"status-publish","4":"format-standard","5":"has-post-thumbnail","7":"category-musica","8":"tag-valeria-gastaldi-mover-tu-cama","9":"tag-valeria-gastaldi-sofia-gala"},"_links":{"self":[{"href":"https:\/\/www.cordobatimes.com\/showup\/wp-json\/wp\/v2\/posts\/17518","targetHints":{"allow":["GET"]}}],"collection":[{"href":"https:\/\/www.cordobatimes.com\/showup\/wp-json\/wp\/v2\/posts"}],"about":[{"href":"https:\/\/www.cordobatimes.com\/showup\/wp-json\/wp\/v2\/types\/post"}],"author":[{"embeddable":true,"href":"https:\/\/www.cordobatimes.com\/showup\/wp-json\/wp\/v2\/users\/9"}],"replies":[{"embeddable":true,"href":"https:\/\/www.cordobatimes.com\/showup\/wp-json\/wp\/v2\/comments?post=17518"}],"version-history":[{"count":0,"href":"https:\/\/www.cordobatimes.com\/showup\/wp-json\/wp\/v2\/posts\/17518\/revisions"}],"wp:featuredmedia":[{"embeddable":true,"href":"https:\/\/www.cordobatimes.com\/showup\/wp-json\/wp\/v2\/media\/17519"}],"wp:attachment":[{"href":"https:\/\/www.cordobatimes.com\/showup\/wp-json\/wp\/v2\/media?parent=17518"}],"wp:term":[{"taxonomy":"category","embeddable":true,"href":"https:\/\/www.cordobatimes.com\/showup\/wp-json\/wp\/v2\/categories?post=17518"},{"taxonomy":"post_tag","embeddable":true,"href":"https:\/\/www.cordobatimes.com\/showup\/wp-json\/wp\/v2\/tags?post=17518"}],"curies":[{"name":"wp","href":"https:\/\/api.w.org\/{rel}","templated":true}]}}