{"id":17466,"date":"2014-04-15T11:58:26","date_gmt":"2014-04-15T14:58:26","guid":{"rendered":"http:\/\/cordobatimes.com\/showup\/?p=17466"},"modified":"2019-12-29T13:34:10","modified_gmt":"2019-12-29T16:34:10","slug":"jarabe-de-palo-vuelve-al-pais","status":"publish","type":"post","link":"https:\/\/www.cordobatimes.com\/showup\/agenda\/2014\/04\/15\/jarabe-de-palo-vuelve-al-pais\/","title":{"rendered":"Jarabe de Palo vuelve al pa\u00eds"},"content":{"rendered":"<h3 style=\"text-align: justify;\"><strong>La banda regresa a Argentina para presentar su \u00faltimo trabajo en el Teatro Opera y luego realizar\u00e1 gira nacional. En C\u00f3rdoba su show ya tiene fecha.\u00a0<\/strong><\/h3>\n<p style=\"text-align: justify;\">\u00abSOMOS\u00bb es un disco que, desde el punto de vista estil\u00edstico, da continuidad al anterior trabajo de la banda. El rock sigue siendo el protagonista. \u00abT\u00fa mandas\u00bb \u00abHoy no soy yo\u00bb, \u00abSiempre, nunca, nada\u00bb, \u00abA mi novia le gustan las chicas\u00bb, \u00abBala perdida\u00bb, son claros ejemplos de ello.<\/p>\n<p style=\"text-align: justify;\">Un par de baladas, \u00abLo que te voy a decir\u00bb y \u00abT\u00fa no sabes qui\u00e9n soy\u00bb, completan un repertorio que luce por su contenido, tanto musical como l\u00edrico.<\/p>\n<p style=\"text-align: justify;\">En \u00abSOMOS\u00bb Jarabe de Palo cuenta con la participaci\u00f3n de destacados artistas como: Ximena Sari\u00f1ana en \u00ab\u00bfA d\u00f3nde vas?\u00bb, Leiva en \u00abVecina\u00bb, Gabylonia y La Duende en \u00abSomos\u00bb. Tambi\u00e9n Jovanotti y Kekko Silvestre (MOD\u00c0) en la parte italiana.<\/p>\n<p style=\"text-align: justify;\">El concierto en nuestra ciudad ser\u00e1 el d\u00eda 5 de junio en Espacio Quality y las entradas se vender\u00e1 por Ticketek.<\/p>\n<p style=\"text-align: justify;\">Lista de Precios para Jarabe de Palo en C\u00f3rdoba:<\/p>\n<p style=\"text-align: justify;\">SUPER PREMIUM &#8211; $350.00 + $35*<br \/>\nPREMIUM &#8211; $300.00 + $30*<br \/>\nDIAMANTE &#8211; $260.00 + $30*<br \/>\nPLATINUM &#8211; $240.00 + $25*<br \/>\nGOLD &#8211; $200.00 + $20*<br \/>\nSILVER &#8211; $180.00 + $20*<br \/>\nPULLMAN &#8216;B&#8217; &#8211; $200.00 + $20*<\/p>\n<p style=\"text-align: justify;\">*costo por servicio.<\/p>\n","protected":false},"excerpt":{"rendered":"<p>La banda regresa a Argentina para presentar su \u00faltimo trabajo en el Teatro Opera y luego realizar\u00e1 gira nacional. En C\u00f3rdoba su show ya tiene fecha.\u00a0 \u00abSOMOS\u00bb es un disco que, desde el punto de vista estil\u00edstico, da continuidad al anterior trabajo de la banda. El rock sigue siendo el protagonista. \u00abT\u00fa mandas\u00bb \u00abHoy no [&hellip;]<\/p>\n","protected":false},"author":9,"featured_media":17545,"comment_status":"closed","ping_status":"closed","sticky":false,"template":"","format":"standard","meta":{"_seopress_robots_primary_cat":"","_seopress_titles_title":"","_seopress_titles_desc":"","_seopress_robots_index":"","footnotes":""},"categories":[6],"tags":[5840],"class_list":{"0":"post-17466","1":"post","2":"type-post","3":"status-publish","4":"format-standard","5":"has-post-thumbnail","7":"category-agenda","8":"tag-jarabe-de-palo-en-cordoba"},"_links":{"self":[{"href":"https:\/\/www.cordobatimes.com\/showup\/wp-json\/wp\/v2\/posts\/17466","targetHints":{"allow":["GET"]}}],"collection":[{"href":"https:\/\/www.cordobatimes.com\/showup\/wp-json\/wp\/v2\/posts"}],"about":[{"href":"https:\/\/www.cordobatimes.com\/showup\/wp-json\/wp\/v2\/types\/post"}],"author":[{"embeddable":true,"href":"https:\/\/www.cordobatimes.com\/showup\/wp-json\/wp\/v2\/users\/9"}],"replies":[{"embeddable":true,"href":"https:\/\/www.cordobatimes.com\/showup\/wp-json\/wp\/v2\/comments?post=17466"}],"version-history":[{"count":0,"href":"https:\/\/www.cordobatimes.com\/showup\/wp-json\/wp\/v2\/posts\/17466\/revisions"}],"wp:featuredmedia":[{"embeddable":true,"href":"https:\/\/www.cordobatimes.com\/showup\/wp-json\/wp\/v2\/media\/17545"}],"wp:attachment":[{"href":"https:\/\/www.cordobatimes.com\/showup\/wp-json\/wp\/v2\/media?parent=17466"}],"wp:term":[{"taxonomy":"category","embeddable":true,"href":"https:\/\/www.cordobatimes.com\/showup\/wp-json\/wp\/v2\/categories?post=17466"},{"taxonomy":"post_tag","embeddable":true,"href":"https:\/\/www.cordobatimes.com\/showup\/wp-json\/wp\/v2\/tags?post=17466"}],"curies":[{"name":"wp","href":"https:\/\/api.w.org\/{rel}","templated":true}]}}