{"id":17384,"date":"2014-04-12T16:47:29","date_gmt":"2014-04-12T19:47:29","guid":{"rendered":"http:\/\/cordobatimes.com\/showup\/?p=17384"},"modified":"2019-12-29T18:36:51","modified_gmt":"2019-12-29T21:36:51","slug":"no-lo-viste-una-periodista-cayo-al-mar-en-plena-entrevista-video","status":"publish","type":"post","link":"https:\/\/www.cordobatimes.com\/showup\/curiosidades\/2014\/04\/12\/no-lo-viste-una-periodista-cayo-al-mar-en-plena-entrevista-video\/","title":{"rendered":"\u00bfNo lo viste? Una periodista cay\u00f3 al mar en plena entrevista (Video)"},"content":{"rendered":"<h3 style=\"text-align: justify;\"><strong>Martje Oesterholt se dispon\u00eda a dialogar con Bort Koelewijn, alcalde de Kampen, provincia de Overijssel cuando todo se le fue de las manos.\u00a0<\/strong><\/h3>\n<p style=\"text-align: justify;\">La periodista quiso mostrarse informal y \u00a0se apoy\u00f3 sobre una cuerda que atravesaba la embarcaci\u00f3n en la que se encontraban, pero r\u00e1pidamente perdi\u00f3 la estabilidad y cay\u00f3 al agua.<\/p>\n<p style=\"text-align: justify;\">No te pierdas el divertido video.<\/p>\n<p><iframe loading=\"lazy\" src=\"\/\/www.youtube.com\/embed\/TrdUDA0GMQc\" width=\"560\" height=\"315\" frameborder=\"0\" allowfullscreen=\"allowfullscreen\"><\/iframe><\/p>\n","protected":false},"excerpt":{"rendered":"<p>Martje Oesterholt se dispon\u00eda a dialogar con Bort Koelewijn, alcalde de Kampen, provincia de Overijssel cuando todo se le fue de las manos.\u00a0 La periodista quiso mostrarse informal y \u00a0se apoy\u00f3 sobre una cuerda que atravesaba la embarcaci\u00f3n en la que se encontraban, pero r\u00e1pidamente perdi\u00f3 la estabilidad y cay\u00f3 al agua. No te pierdas [&hellip;]<\/p>\n","protected":false},"author":9,"featured_media":17385,"comment_status":"closed","ping_status":"closed","sticky":false,"template":"","format":"standard","meta":{"_seopress_robots_primary_cat":"","_seopress_titles_title":"","_seopress_titles_desc":"","_seopress_robots_index":"","footnotes":""},"categories":[8],"tags":[27576,27575],"class_list":{"0":"post-17384","1":"post","2":"type-post","3":"status-publish","4":"format-standard","5":"has-post-thumbnail","7":"category-curiosidades","8":"tag-martje-oesterholt-bort-koelewijn","9":"tag-periodista-cayo-al-mar-en-plena-entrevista"},"_links":{"self":[{"href":"https:\/\/www.cordobatimes.com\/showup\/wp-json\/wp\/v2\/posts\/17384","targetHints":{"allow":["GET"]}}],"collection":[{"href":"https:\/\/www.cordobatimes.com\/showup\/wp-json\/wp\/v2\/posts"}],"about":[{"href":"https:\/\/www.cordobatimes.com\/showup\/wp-json\/wp\/v2\/types\/post"}],"author":[{"embeddable":true,"href":"https:\/\/www.cordobatimes.com\/showup\/wp-json\/wp\/v2\/users\/9"}],"replies":[{"embeddable":true,"href":"https:\/\/www.cordobatimes.com\/showup\/wp-json\/wp\/v2\/comments?post=17384"}],"version-history":[{"count":0,"href":"https:\/\/www.cordobatimes.com\/showup\/wp-json\/wp\/v2\/posts\/17384\/revisions"}],"wp:featuredmedia":[{"embeddable":true,"href":"https:\/\/www.cordobatimes.com\/showup\/wp-json\/wp\/v2\/media\/17385"}],"wp:attachment":[{"href":"https:\/\/www.cordobatimes.com\/showup\/wp-json\/wp\/v2\/media?parent=17384"}],"wp:term":[{"taxonomy":"category","embeddable":true,"href":"https:\/\/www.cordobatimes.com\/showup\/wp-json\/wp\/v2\/categories?post=17384"},{"taxonomy":"post_tag","embeddable":true,"href":"https:\/\/www.cordobatimes.com\/showup\/wp-json\/wp\/v2\/tags?post=17384"}],"curies":[{"name":"wp","href":"https:\/\/api.w.org\/{rel}","templated":true}]}}