{"id":17291,"date":"2014-04-11T18:49:49","date_gmt":"2014-04-11T21:49:49","guid":{"rendered":"http:\/\/cordobatimes.com\/showup\/?p=17291"},"modified":"2019-12-29T21:00:59","modified_gmt":"2019-12-30T00:00:59","slug":"farina-complicado-dictaron-prision-preventiva","status":"publish","type":"post","link":"https:\/\/www.cordobatimes.com\/showup\/famosos\/2014\/04\/11\/farina-complicado-dictaron-prision-preventiva\/","title":{"rendered":"Fari\u00f1a complicado: dictaron prisi\u00f3n preventiva"},"content":{"rendered":"<h3 style=\"text-align: justify;\"><strong>El juez federal de La Plata, Manuel Humberto Blanco,sentenci\u00f3 el procesamiento del ex de Jelinek, por evasi\u00f3n fiscal agravada e insolvencia fiscal fraudulenta, seg\u00fan fuentes judiciales consultadas por el Diario Clar\u00edn.<\/strong><\/h3>\n<p style=\"text-align: justify;\">En la resoluci\u00f3n, el Juez expres\u00f3 que \u00abtiene reunidos los elementos probatorios necesarios para atribuirle, prima facie, a Jorge Leonardo Fari\u00f1a los delitos de evasi\u00f3n tributaria agravada en concurso real con insolvencia fiscal fraudulenta\u00bb, denunciado por la AFIP y que prev\u00e9 penas de hasta 15 a\u00f1os de prisi\u00f3n.<\/p>\n<p style=\"text-align: justify;\">El procesamiento es \u00a0por la compra del campo de Mendoza en 4 millones de d\u00f3lares y su reventa a un tercero.<\/p>\n<p style=\"text-align: justify;\">Recordemos que esta misma semana una escucha telef\u00f3nica ya lo complic\u00f3 en la causa \u00abLa ruta del dinero k\u00bb donde fue se\u00f1alado como uno de los eslabones en la cadena de lavado de plata.<\/p>\n","protected":false},"excerpt":{"rendered":"<p>El juez federal de La Plata, Manuel Humberto Blanco,sentenci\u00f3 el procesamiento del ex de Jelinek, por evasi\u00f3n fiscal agravada e insolvencia fiscal fraudulenta, seg\u00fan fuentes judiciales consultadas por el Diario Clar\u00edn. En la resoluci\u00f3n, el Juez expres\u00f3 que \u00abtiene reunidos los elementos probatorios necesarios para atribuirle, prima facie, a Jorge Leonardo Fari\u00f1a los delitos de [&hellip;]<\/p>\n","protected":false},"author":9,"featured_media":17292,"comment_status":"closed","ping_status":"closed","sticky":false,"template":"","format":"standard","meta":{"_seopress_robots_primary_cat":"","_seopress_titles_title":"","_seopress_titles_desc":"","_seopress_robots_index":"","footnotes":""},"categories":[4],"tags":[27581],"class_list":{"0":"post-17291","1":"post","2":"type-post","3":"status-publish","4":"format-standard","5":"has-post-thumbnail","7":"category-famosos","8":"tag-leo-farina-prision-preventiva"},"_links":{"self":[{"href":"https:\/\/www.cordobatimes.com\/showup\/wp-json\/wp\/v2\/posts\/17291","targetHints":{"allow":["GET"]}}],"collection":[{"href":"https:\/\/www.cordobatimes.com\/showup\/wp-json\/wp\/v2\/posts"}],"about":[{"href":"https:\/\/www.cordobatimes.com\/showup\/wp-json\/wp\/v2\/types\/post"}],"author":[{"embeddable":true,"href":"https:\/\/www.cordobatimes.com\/showup\/wp-json\/wp\/v2\/users\/9"}],"replies":[{"embeddable":true,"href":"https:\/\/www.cordobatimes.com\/showup\/wp-json\/wp\/v2\/comments?post=17291"}],"version-history":[{"count":0,"href":"https:\/\/www.cordobatimes.com\/showup\/wp-json\/wp\/v2\/posts\/17291\/revisions"}],"wp:featuredmedia":[{"embeddable":true,"href":"https:\/\/www.cordobatimes.com\/showup\/wp-json\/wp\/v2\/media\/17292"}],"wp:attachment":[{"href":"https:\/\/www.cordobatimes.com\/showup\/wp-json\/wp\/v2\/media?parent=17291"}],"wp:term":[{"taxonomy":"category","embeddable":true,"href":"https:\/\/www.cordobatimes.com\/showup\/wp-json\/wp\/v2\/categories?post=17291"},{"taxonomy":"post_tag","embeddable":true,"href":"https:\/\/www.cordobatimes.com\/showup\/wp-json\/wp\/v2\/tags?post=17291"}],"curies":[{"name":"wp","href":"https:\/\/api.w.org\/{rel}","templated":true}]}}