{"id":17224,"date":"2014-04-12T16:01:41","date_gmt":"2014-04-12T19:01:41","guid":{"rendered":"http:\/\/cordobatimes.com\/showup\/?p=17224"},"modified":"2019-12-29T19:30:48","modified_gmt":"2019-12-29T22:30:48","slug":"sigue-la-guerra-de-canales-rito-denuncio-a-el-trece","status":"publish","type":"post","link":"https:\/\/www.cordobatimes.com\/showup\/famosos\/2014\/04\/12\/sigue-la-guerra-de-canales-rito-denuncio-a-el-trece\/","title":{"rendered":"Sigue la guerra de canales: Rit\u00f3 denunci\u00f3 a El Trece"},"content":{"rendered":"<h3 style=\"text-align: justify;\"><strong>Despu\u00e9s del conflicto que ocurri\u00f3 al aire de Infama por la presencia de Moria Cas\u00e1n, Maria Eugenia habl\u00f3 y denunci\u00f3 otro acto de restricci\u00f3n. <\/strong><\/h3>\n<p style=\"text-align: justify;\">Rit\u00f3 cont\u00f3 que d\u00edas atr\u00e1s, ella padeci\u00f3 la misma actitud de El Trece cuando quiso visitar el ciclo AM de Telefe:\u00a0\u00abA m\u00ed me hab\u00edan invitado, inclusive ten\u00eda una oferta muy buena con Telefe al programa AM, me iban a pagar un muy buen dinero. Y no pude ir por estas peleas con El Trece\u00bb.<\/p>\n<p style=\"text-align: justify;\">\u00abLo llam\u00e9 a Hoppe y le dije que me est\u00e1n ofreciendo buena plata para ir a sentarme a un living. Todav\u00eda no empezamos el programa y me est\u00e1 re sirviendo la plata en este momento. Del otro lado me responden: &#8216;No, Eugenia. No podes ir'\u00bb.<\/p>\n<div>\n<p>Lo cierto es que, aunque a\u00fan no ha comenzado ShowMatch, la producci\u00f3n se cubri\u00f3 diciendo que desde el momento que se firma el contrato con Ideas del Sur son figuras de la productoras y ya \u00a0rige la restricci\u00f3n.<\/p>\n<\/div>\n","protected":false},"excerpt":{"rendered":"<p>Despu\u00e9s del conflicto que ocurri\u00f3 al aire de Infama por la presencia de Moria Cas\u00e1n, Maria Eugenia habl\u00f3 y denunci\u00f3 otro acto de restricci\u00f3n. Rit\u00f3 cont\u00f3 que d\u00edas atr\u00e1s, ella padeci\u00f3 la misma actitud de El Trece cuando quiso visitar el ciclo AM de Telefe:\u00a0\u00abA m\u00ed me hab\u00edan invitado, inclusive ten\u00eda una oferta muy buena [&hellip;]<\/p>\n","protected":false},"author":9,"featured_media":17365,"comment_status":"closed","ping_status":"closed","sticky":false,"template":"","format":"standard","meta":{"_seopress_robots_primary_cat":"","_seopress_titles_title":"","_seopress_titles_desc":"","_seopress_robots_index":"","footnotes":""},"categories":[4],"tags":[27578],"class_list":{"0":"post-17224","1":"post","2":"type-post","3":"status-publish","4":"format-standard","5":"has-post-thumbnail","7":"category-famosos","8":"tag-maria-eugenia-rito-denuncio-a-canal-trece"},"_links":{"self":[{"href":"https:\/\/www.cordobatimes.com\/showup\/wp-json\/wp\/v2\/posts\/17224","targetHints":{"allow":["GET"]}}],"collection":[{"href":"https:\/\/www.cordobatimes.com\/showup\/wp-json\/wp\/v2\/posts"}],"about":[{"href":"https:\/\/www.cordobatimes.com\/showup\/wp-json\/wp\/v2\/types\/post"}],"author":[{"embeddable":true,"href":"https:\/\/www.cordobatimes.com\/showup\/wp-json\/wp\/v2\/users\/9"}],"replies":[{"embeddable":true,"href":"https:\/\/www.cordobatimes.com\/showup\/wp-json\/wp\/v2\/comments?post=17224"}],"version-history":[{"count":0,"href":"https:\/\/www.cordobatimes.com\/showup\/wp-json\/wp\/v2\/posts\/17224\/revisions"}],"wp:featuredmedia":[{"embeddable":true,"href":"https:\/\/www.cordobatimes.com\/showup\/wp-json\/wp\/v2\/media\/17365"}],"wp:attachment":[{"href":"https:\/\/www.cordobatimes.com\/showup\/wp-json\/wp\/v2\/media?parent=17224"}],"wp:term":[{"taxonomy":"category","embeddable":true,"href":"https:\/\/www.cordobatimes.com\/showup\/wp-json\/wp\/v2\/categories?post=17224"},{"taxonomy":"post_tag","embeddable":true,"href":"https:\/\/www.cordobatimes.com\/showup\/wp-json\/wp\/v2\/tags?post=17224"}],"curies":[{"name":"wp","href":"https:\/\/api.w.org\/{rel}","templated":true}]}}