{"id":17217,"date":"2014-04-11T15:32:11","date_gmt":"2014-04-11T18:32:11","guid":{"rendered":"http:\/\/cordobatimes.com\/showup\/?p=17217"},"modified":"2019-12-29T21:59:56","modified_gmt":"2019-12-30T00:59:56","slug":"el-inadi-se-posiciono-a-favor-de-anibal-pachano","status":"publish","type":"post","link":"https:\/\/www.cordobatimes.com\/showup\/famosos\/2014\/04\/11\/el-inadi-se-posiciono-a-favor-de-anibal-pachano\/","title":{"rendered":"EL INADI se posicion\u00f3 a favor de An\u00edbal Pachano"},"content":{"rendered":"<h3 style=\"text-align: justify;\"><b>Despu\u00e9s de poner un sketch\u00a0en el que la bailarina Silvina Escudero y \u00c1lvaro Navia bromeaban sobre la sexualidad del core\u00f3grafo, el Instituto contra la Discriminaci\u00f3n, Xenofobia y Racismo emiti\u00f3 un comunicado en apoyo al humorista.\u00a0<\/b><\/h3>\n<p style=\"text-align: justify;\">\u00abPachano se hizo gay despu\u00e9s de tener a su hija Sof\u00eda&#8230;\u00bb, hab\u00eda dicho Silvina, a lo que Navia agreg\u00f3: \u00abMir\u00e1 lo que hacen las drogas\u00bb, dispararon la bailarina y el comediante.<\/p>\n<p style=\"text-align: justify;\">M\u00e1s all\u00e1 de esta denuncia presentada ante el INADI, An\u00edbal inici\u00f3 una demanda civil contra ambos y reclama una suma millonaria de 800 mil pesos<\/p>\n<p style=\"text-align: justify;\">Ahora, tras la denuncia, el organismo emiti\u00f3 un comunicado al respecto:<\/p>\n<p style=\"text-align: justify;\">El episodio se trat\u00f3 de un acto de discriminaci\u00f3n seg\u00fan los t\u00e9rminos de la Ley 23.592, indica el informe, que luego agrega: \u00abAsocian a las personas homosexuales con aquellas que usan diferentes tipos de drogas y viceversa, afirmando de ellas que no podr\u00edan tener hijos e insinuando la calamidad, en caso contrario, para esos potenciales descendientes\u00bb.<\/p>\n<p><iframe loading=\"lazy\" src=\"https:\/\/www.youtube.com\/embed\/xqkN3NMc10Y\" width=\"560\" height=\"315\" frameborder=\"0\" allowfullscreen=\"allowfullscreen\"><\/iframe><\/p>\n","protected":false},"excerpt":{"rendered":"<p>Despu\u00e9s de poner un sketch\u00a0en el que la bailarina Silvina Escudero y \u00c1lvaro Navia bromeaban sobre la sexualidad del core\u00f3grafo, el Instituto contra la Discriminaci\u00f3n, Xenofobia y Racismo emiti\u00f3 un comunicado en apoyo al humorista.\u00a0 \u00abPachano se hizo gay despu\u00e9s de tener a su hija Sof\u00eda&#8230;\u00bb, hab\u00eda dicho Silvina, a lo que Navia agreg\u00f3: \u00abMir\u00e1 [&hellip;]<\/p>\n","protected":false},"author":9,"featured_media":17235,"comment_status":"closed","ping_status":"closed","sticky":false,"template":"","format":"standard","meta":{"_seopress_robots_primary_cat":"","_seopress_titles_title":"","_seopress_titles_desc":"","_seopress_robots_index":"","footnotes":""},"categories":[4],"tags":[26684,27586,27588,27587],"class_list":{"0":"post-17217","1":"post","2":"type-post","3":"status-publish","4":"format-standard","5":"has-post-thumbnail","7":"category-famosos","8":"tag-anibal-pachano-silvina-escudero-waldo-navia","9":"tag-el-inadi-a-favor-de-anibal-pachano","10":"tag-instituto-contra-la-discriminacion-xenofobia-y-racismo","11":"tag-sketch-silvina-escudero-y-alvaro-navia"},"_links":{"self":[{"href":"https:\/\/www.cordobatimes.com\/showup\/wp-json\/wp\/v2\/posts\/17217","targetHints":{"allow":["GET"]}}],"collection":[{"href":"https:\/\/www.cordobatimes.com\/showup\/wp-json\/wp\/v2\/posts"}],"about":[{"href":"https:\/\/www.cordobatimes.com\/showup\/wp-json\/wp\/v2\/types\/post"}],"author":[{"embeddable":true,"href":"https:\/\/www.cordobatimes.com\/showup\/wp-json\/wp\/v2\/users\/9"}],"replies":[{"embeddable":true,"href":"https:\/\/www.cordobatimes.com\/showup\/wp-json\/wp\/v2\/comments?post=17217"}],"version-history":[{"count":0,"href":"https:\/\/www.cordobatimes.com\/showup\/wp-json\/wp\/v2\/posts\/17217\/revisions"}],"wp:featuredmedia":[{"embeddable":true,"href":"https:\/\/www.cordobatimes.com\/showup\/wp-json\/wp\/v2\/media\/17235"}],"wp:attachment":[{"href":"https:\/\/www.cordobatimes.com\/showup\/wp-json\/wp\/v2\/media?parent=17217"}],"wp:term":[{"taxonomy":"category","embeddable":true,"href":"https:\/\/www.cordobatimes.com\/showup\/wp-json\/wp\/v2\/categories?post=17217"},{"taxonomy":"post_tag","embeddable":true,"href":"https:\/\/www.cordobatimes.com\/showup\/wp-json\/wp\/v2\/tags?post=17217"}],"curies":[{"name":"wp","href":"https:\/\/api.w.org\/{rel}","templated":true}]}}