{"id":17102,"date":"2014-04-10T13:04:44","date_gmt":"2014-04-10T16:04:44","guid":{"rendered":"http:\/\/cordobatimes.com\/showup\/?p=17102"},"modified":"2019-12-31T09:34:15","modified_gmt":"2019-12-31T12:34:15","slug":"mtv-movie-awards-2014-eminem-y-rihanna-juntos","status":"publish","type":"post","link":"https:\/\/www.cordobatimes.com\/showup\/musica\/2014\/04\/10\/mtv-movie-awards-2014-eminem-y-rihanna-juntos\/","title":{"rendered":"MTV Movie Awards 2014: Eminem y Rihanna juntos"},"content":{"rendered":"<h3 style=\"text-align: justify;\"><strong>En la reconocida entrega de premios, los cantantes presentar\u00e1n por primera vez en vivo su segundo dueto.<\/strong><\/h3>\n<p style=\"text-align: justify;\">\u00a0Este domingo 13 de abril se celebrar\u00e1 en Los \u00c1ngeles la gala de los MTV Movie Awards 2014. MTV ha anunciado que Eminem y Rihanna presentar\u00e1n su single\u00a0<em>The Monster<\/em>\u00a0por primera vez en directo, como aperitivo de su Monster Tour.<\/p>\n<p style=\"text-align: justify;\">Ambas estrellas, a finales del a\u00f1o pasado presentaron su segundo dueto, pero en esta oportunidad ser\u00e1 la primera vez que se los podr\u00e1 escuchar en vivo. Ya falta poco para vivirlo&#8230;<\/p>\n<p style=\"text-align: justify;\">Otro proyecto que tienen juntos es, realizar una breve gira de tres conciertos en Los \u00c1ngeles, el 7 de agosto, New Jersey el 16 de agosto y Detroit, el 22 de agosto.<\/p>\n<p style=\"text-align: justify;\">Les recordamos que los fans pueden apoyar sus candidatos favoritos para la gala con sus votos a trav\u00e9s de\u00a0\u00a0<a href=\"http:\/\/www.movieawards.mtv.com\/\" target=\"_blank\" rel=\"noopener noreferrer\">www.MovieAwards.MTV.com<\/a>. Como siempre\u00a0habr\u00e1 categor\u00edas tan curiosas como Mejor interpretaci\u00f3n acojonada, Mejor momento WTF o Mejor interpretaci\u00f3n sin camiseta.<\/p>\n<p><iframe loading=\"lazy\" src=\"\/\/www.youtube.com\/embed\/EHkozMIXZ8w\" width=\"560\" height=\"315\" frameborder=\"0\" allowfullscreen=\"allowfullscreen\"><\/iframe><\/p>\n","protected":false},"excerpt":{"rendered":"<p>En la reconocida entrega de premios, los cantantes presentar\u00e1n por primera vez en vivo su segundo dueto. \u00a0Este domingo 13 de abril se celebrar\u00e1 en Los \u00c1ngeles la gala de los MTV Movie Awards 2014. MTV ha anunciado que Eminem y Rihanna presentar\u00e1n su single\u00a0The Monster\u00a0por primera vez en directo, como aperitivo de su Monster [&hellip;]<\/p>\n","protected":false},"author":1,"featured_media":17117,"comment_status":"closed","ping_status":"closed","sticky":false,"template":"","format":"standard","meta":{"_seopress_robots_primary_cat":"","_seopress_titles_title":"","_seopress_titles_desc":"","_seopress_robots_index":"","footnotes":""},"categories":[5],"tags":[27612,5683],"class_list":{"0":"post-17102","1":"post","2":"type-post","3":"status-publish","4":"format-standard","5":"has-post-thumbnail","7":"category-musica","8":"tag-eminem-y-rihanna","9":"tag-mtv-movie-awards-2014"},"_links":{"self":[{"href":"https:\/\/www.cordobatimes.com\/showup\/wp-json\/wp\/v2\/posts\/17102","targetHints":{"allow":["GET"]}}],"collection":[{"href":"https:\/\/www.cordobatimes.com\/showup\/wp-json\/wp\/v2\/posts"}],"about":[{"href":"https:\/\/www.cordobatimes.com\/showup\/wp-json\/wp\/v2\/types\/post"}],"author":[{"embeddable":true,"href":"https:\/\/www.cordobatimes.com\/showup\/wp-json\/wp\/v2\/users\/1"}],"replies":[{"embeddable":true,"href":"https:\/\/www.cordobatimes.com\/showup\/wp-json\/wp\/v2\/comments?post=17102"}],"version-history":[{"count":0,"href":"https:\/\/www.cordobatimes.com\/showup\/wp-json\/wp\/v2\/posts\/17102\/revisions"}],"wp:featuredmedia":[{"embeddable":true,"href":"https:\/\/www.cordobatimes.com\/showup\/wp-json\/wp\/v2\/media\/17117"}],"wp:attachment":[{"href":"https:\/\/www.cordobatimes.com\/showup\/wp-json\/wp\/v2\/media?parent=17102"}],"wp:term":[{"taxonomy":"category","embeddable":true,"href":"https:\/\/www.cordobatimes.com\/showup\/wp-json\/wp\/v2\/categories?post=17102"},{"taxonomy":"post_tag","embeddable":true,"href":"https:\/\/www.cordobatimes.com\/showup\/wp-json\/wp\/v2\/tags?post=17102"}],"curies":[{"name":"wp","href":"https:\/\/api.w.org\/{rel}","templated":true}]}}