{"id":17025,"date":"2014-04-09T14:40:52","date_gmt":"2014-04-09T17:40:52","guid":{"rendered":"http:\/\/cordobatimes.com\/showup\/?p=17025"},"modified":"2019-12-31T12:47:10","modified_gmt":"2019-12-31T15:47:10","slug":"gabriel-garcia-marquez-le-dieron-el-alta-al-famoso-escritor","status":"publish","type":"post","link":"https:\/\/www.cordobatimes.com\/showup\/famosos\/2014\/04\/09\/gabriel-garcia-marquez-le-dieron-el-alta-al-famoso-escritor\/","title":{"rendered":"Gabriel Garc\u00eda M\u00e1rquez: le dieron el alta al famoso escritor"},"content":{"rendered":"<h3 style=\"text-align: justify;\"><strong>Tras una semana de internaci\u00f3n, el escritor est\u00e1 autorizado para regresar a su hogar y as\u00ed \u00a0completar su recuperaci\u00f3n.<\/strong><\/h3>\n<p style=\"text-align: justify;\">\u00a0El escritor colombiano Gabriel Garc\u00eda M\u00e1rquez, de 87 a\u00f1os, dej\u00f3 hoy el hospital de Ciudad de M\u00e9xico donde hab\u00eda sido ingresado hace ocho d\u00edas por deshidrataci\u00f3n y una infecci\u00f3n pulmonar y de v\u00edas urinarias.<\/p>\n<p style=\"text-align: justify;\">Tras los rumores de su dada de alta varios periodistas y algunos curiosos se acercaron al hospital, es por ello que la ambulancia que trasladaba al premio Nobel de Literatura 1982 sali\u00f3 por un acceso para proveedores del hospital, y de esta forma busc\u00f3 evadir el tumulto. En el camino, varias motocicletas custodiaron a la ambulancia que lo \u00a0llevaba a su casa en el sur de la capital mexicana. Previo a la salida del escritor del hospital, la secretaria de Salud de M\u00e9xico<\/p>\n<p style=\"text-align: justify;\"><strong>\u00abUn cuadro neum\u00f3nico en una persona de esta edad siempre es m\u00e1s riesgoso\u00bb<\/strong>, dijo la secretaria, Mercedes Juan, \u00a0en entrevista con Radio Formula.<\/p>\n<p style=\"text-align: justify;\">La secretaria dijo que el escritor deber\u00e1 continuar en su casa con ox\u00edgeno e inhaloterapia. \u00a0A la casa del escritor, ubicada en el sur de la capital mexicana, fueron ingresados este martes un tanque de ox\u00edgeno, un colch\u00f3n inflable y una cama reclinable.<\/p>\n<p style=\"text-align: justify;\">Al escritor colombiano le fue diagnosticado en 1999 un c\u00e1ncer linf\u00e1tico del que se por suerte \u00a0san\u00f3. Desde entonces han surgido varias especulaciones sobre problemas de salud, en especial de falta de memoria, lo que fue desmentido por\u00a0Jaime Abello Banfi, director de la Fundaci\u00f3n Nuevo Periodismo Iberoamericano y amigo cercano de Garc\u00eda M\u00e1rquez.<\/p>\n<p style=\"text-align: justify;\">Lo cierto es, que el reconocido escritor est\u00e1 ya en su hogar y con un buen cuidado para as\u00ed sanarse totalmente.<\/p>\n<p style=\"text-align: justify;\">Foto: Pablo Corral Vega.<\/p>\n","protected":false},"excerpt":{"rendered":"<p>Tras una semana de internaci\u00f3n, el escritor est\u00e1 autorizado para regresar a su hogar y as\u00ed \u00a0completar su recuperaci\u00f3n. \u00a0El escritor colombiano Gabriel Garc\u00eda M\u00e1rquez, de 87 a\u00f1os, dej\u00f3 hoy el hospital de Ciudad de M\u00e9xico donde hab\u00eda sido ingresado hace ocho d\u00edas por deshidrataci\u00f3n y una infecci\u00f3n pulmonar y de v\u00edas urinarias. Tras los [&hellip;]<\/p>\n","protected":false},"author":1,"featured_media":16408,"comment_status":"closed","ping_status":"closed","sticky":false,"template":"","format":"standard","meta":{"_seopress_robots_primary_cat":"","_seopress_titles_title":"","_seopress_titles_desc":"","_seopress_robots_index":"","footnotes":""},"categories":[4],"tags":[27622,27621],"class_list":{"0":"post-17025","1":"post","2":"type-post","3":"status-publish","4":"format-standard","5":"has-post-thumbnail","7":"category-famosos","8":"tag-alta-de-gabriel-garcia-marquez","9":"tag-escritor-colombiano-gabriel-garcia-marquez"},"_links":{"self":[{"href":"https:\/\/www.cordobatimes.com\/showup\/wp-json\/wp\/v2\/posts\/17025","targetHints":{"allow":["GET"]}}],"collection":[{"href":"https:\/\/www.cordobatimes.com\/showup\/wp-json\/wp\/v2\/posts"}],"about":[{"href":"https:\/\/www.cordobatimes.com\/showup\/wp-json\/wp\/v2\/types\/post"}],"author":[{"embeddable":true,"href":"https:\/\/www.cordobatimes.com\/showup\/wp-json\/wp\/v2\/users\/1"}],"replies":[{"embeddable":true,"href":"https:\/\/www.cordobatimes.com\/showup\/wp-json\/wp\/v2\/comments?post=17025"}],"version-history":[{"count":0,"href":"https:\/\/www.cordobatimes.com\/showup\/wp-json\/wp\/v2\/posts\/17025\/revisions"}],"wp:featuredmedia":[{"embeddable":true,"href":"https:\/\/www.cordobatimes.com\/showup\/wp-json\/wp\/v2\/media\/16408"}],"wp:attachment":[{"href":"https:\/\/www.cordobatimes.com\/showup\/wp-json\/wp\/v2\/media?parent=17025"}],"wp:term":[{"taxonomy":"category","embeddable":true,"href":"https:\/\/www.cordobatimes.com\/showup\/wp-json\/wp\/v2\/categories?post=17025"},{"taxonomy":"post_tag","embeddable":true,"href":"https:\/\/www.cordobatimes.com\/showup\/wp-json\/wp\/v2\/tags?post=17025"}],"curies":[{"name":"wp","href":"https:\/\/api.w.org\/{rel}","templated":true}]}}