{"id":16863,"date":"2014-04-08T14:08:27","date_gmt":"2014-04-08T17:08:27","guid":{"rendered":"http:\/\/cordobatimes.com\/showup\/?p=16863"},"modified":"2019-12-31T16:58:49","modified_gmt":"2019-12-31T19:58:49","slug":"botinera-a-la-vista-simeone-con-nuevo-amor","status":"publish","type":"post","link":"https:\/\/www.cordobatimes.com\/showup\/famosos\/2014\/04\/08\/botinera-a-la-vista-simeone-con-nuevo-amor\/","title":{"rendered":"\u00a1Botinera a la vista! Simeone con nuevo amor"},"content":{"rendered":"<h3 style=\"text-align: justify;\"><strong>Seg\u00fan publicaron, los medios espa\u00f1oles se revolucionaron al fotografiar in fraganti al DT del Atl\u00e9tico Madrid cenando en compa\u00f1\u00eda de una joven y bella modelo de 27 a\u00f1os llamada Carla Pereira.<\/strong><\/h3>\n<p style=\"text-align: justify;\">La primicia la dio a conocer la popular revista europea \u00abS\u00e1lvame\u00bb y seg\u00fan agreg\u00f3 \u00abMuy\u00bb, Diego Simeone habr\u00eda dicho: \u00ab\u00a1No se puede estar tranquilo ni en Espa\u00f1a!\u00bb, al ver la tapa de la gr\u00e1fica.<\/p>\n<p style=\"text-align: justify;\">Ambos cenaron en un exclusivo restaurante de Madrid luego de que el rumor de romance empezara a correr d\u00edas atr\u00e1s.<\/p>\n<p style=\"text-align: justify;\"><a href=\"http:\/\/cordobatimes.com\/showup\/wp-content\/uploads\/2014\/04\/SIMEONE-1.jpg\"><img loading=\"lazy\" decoding=\"async\" class=\"alignnone size-full wp-image-16894\" src=\"http:\/\/cordobatimes.com\/showup\/wp-content\/uploads\/2014\/04\/SIMEONE-1.jpg\" alt=\"SIMEONE 1\" width=\"660\" height=\"367\" data-id=\"16894\" srcset=\"https:\/\/www.cordobatimes.com\/showup\/wp-content\/uploads\/2014\/04\/SIMEONE-1.jpg 660w, https:\/\/www.cordobatimes.com\/showup\/wp-content\/uploads\/2014\/04\/SIMEONE-1-300x166.jpg 300w\" sizes=\"auto, (max-width: 660px) 100vw, 660px\" \/><\/a><\/p>\n<p style=\"text-align: justify;\">El entorno del director t\u00e9cnico se encarg\u00f3 desmentir esta noticia inmediatamente, tal vez porque a\u00fan est\u00e1 casado con Carolina Baldini, con quien tiene a sus tres hijos Giovanni, Gianluca y Giuliano.<\/p>\n<p style=\"text-align: justify;\">La modelo que cen\u00f3 con el ex futbolista es entrerriana y vive hace diez a\u00f1os en Espa\u00f1a. Adem\u00e1s, tiene un extenso prontuario amoroso: desde el bailar\u00edn espa\u00f1ol Joaqu\u00edn Cort\u00e9s, luego Alejandro Ballestero, ex diputado del Partido Popular, hasta Antonio de la R\u00faa.<\/p>\n<p style=\"text-align: justify;\">Carla forma parte de la agencia Multitalent y con su metro ochenta, sus ojos verdes y sus 85-60-90 de medidas, siempre llama la atenci\u00f3n en las pasarelas.<\/p>\n<h3 style=\"text-align: justify;\"><a href=\"http:\/\/cordobatimes.com\/showup\/wp-content\/uploads\/2014\/04\/SIMEONE-2.jpg\"><img loading=\"lazy\" decoding=\"async\" class=\"alignnone size-full wp-image-16895\" src=\"http:\/\/cordobatimes.com\/showup\/wp-content\/uploads\/2014\/04\/SIMEONE-2.jpg\" alt=\"SIMEONE 2\" width=\"611\" height=\"308\" data-id=\"16895\" srcset=\"https:\/\/www.cordobatimes.com\/showup\/wp-content\/uploads\/2014\/04\/SIMEONE-2.jpg 611w, https:\/\/www.cordobatimes.com\/showup\/wp-content\/uploads\/2014\/04\/SIMEONE-2-300x151.jpg 300w\" sizes=\"auto, (max-width: 611px) 100vw, 611px\" \/><\/a><\/h3>\n","protected":false},"excerpt":{"rendered":"<p>Seg\u00fan publicaron, los medios espa\u00f1oles se revolucionaron al fotografiar in fraganti al DT del Atl\u00e9tico Madrid cenando en compa\u00f1\u00eda de una joven y bella modelo de 27 a\u00f1os llamada Carla Pereira. La primicia la dio a conocer la popular revista europea \u00abS\u00e1lvame\u00bb y seg\u00fan agreg\u00f3 \u00abMuy\u00bb, Diego Simeone habr\u00eda dicho: \u00ab\u00a1No se puede estar tranquilo [&hellip;]<\/p>\n","protected":false},"author":9,"featured_media":16893,"comment_status":"closed","ping_status":"closed","sticky":false,"template":"","format":"standard","meta":{"_seopress_robots_primary_cat":"","_seopress_titles_title":"","_seopress_titles_desc":"","_seopress_robots_index":"","footnotes":""},"categories":[4],"tags":[27639,27640],"class_list":{"0":"post-16863","1":"post","2":"type-post","3":"status-publish","4":"format-standard","5":"has-post-thumbnail","7":"category-famosos","8":"tag-diego-simeone-carla-pereira","9":"tag-romances-del-cholo-simeone"},"_links":{"self":[{"href":"https:\/\/www.cordobatimes.com\/showup\/wp-json\/wp\/v2\/posts\/16863","targetHints":{"allow":["GET"]}}],"collection":[{"href":"https:\/\/www.cordobatimes.com\/showup\/wp-json\/wp\/v2\/posts"}],"about":[{"href":"https:\/\/www.cordobatimes.com\/showup\/wp-json\/wp\/v2\/types\/post"}],"author":[{"embeddable":true,"href":"https:\/\/www.cordobatimes.com\/showup\/wp-json\/wp\/v2\/users\/9"}],"replies":[{"embeddable":true,"href":"https:\/\/www.cordobatimes.com\/showup\/wp-json\/wp\/v2\/comments?post=16863"}],"version-history":[{"count":0,"href":"https:\/\/www.cordobatimes.com\/showup\/wp-json\/wp\/v2\/posts\/16863\/revisions"}],"wp:featuredmedia":[{"embeddable":true,"href":"https:\/\/www.cordobatimes.com\/showup\/wp-json\/wp\/v2\/media\/16893"}],"wp:attachment":[{"href":"https:\/\/www.cordobatimes.com\/showup\/wp-json\/wp\/v2\/media?parent=16863"}],"wp:term":[{"taxonomy":"category","embeddable":true,"href":"https:\/\/www.cordobatimes.com\/showup\/wp-json\/wp\/v2\/categories?post=16863"},{"taxonomy":"post_tag","embeddable":true,"href":"https:\/\/www.cordobatimes.com\/showup\/wp-json\/wp\/v2\/tags?post=16863"}],"curies":[{"name":"wp","href":"https:\/\/api.w.org\/{rel}","templated":true}]}}