{"id":16785,"date":"2014-04-07T17:26:22","date_gmt":"2014-04-07T20:26:22","guid":{"rendered":"http:\/\/cordobatimes.com\/showup\/?p=16785"},"modified":"2019-12-31T18:33:59","modified_gmt":"2019-12-31T21:33:59","slug":"el-papa-de-wanda-fue-denunciado-por-estafa","status":"publish","type":"post","link":"https:\/\/www.cordobatimes.com\/showup\/famosos\/2014\/04\/07\/el-papa-de-wanda-fue-denunciado-por-estafa\/","title":{"rendered":"El pap\u00e1 de Wanda fue denunciado por estafa"},"content":{"rendered":"<h3 style=\"text-align: justify;\"><strong>El padre de la botinera estar\u00eda m\u00e1s complicado que nunca con la demanda p\u00fablica que lo tuvo como protagonista esta ma\u00f1ana en \u00abDesayuno Americano\u00bb.<\/strong><\/h3>\n<p style=\"text-align: justify;\">En el ciclo que conduce Pamela David se present\u00f3 Guillermo, un hombre que lo denunci\u00f3 por estafa:\u00a0\u00abYo le compr\u00e9 un auto, y al d\u00eda siguiente de comprarlo empez\u00f3 a fallar. Me dijo que se lo lleve para repararlo. Pasaron los d\u00edas y el auto no estaba. Un d\u00eda decid\u00ed ir al taller, y no estaba el auto y tampoco me devolvi\u00f3 los m\u00e1s de 6 mil pesos que me cost\u00f3 el auto. Esto fue en el 2002\u00bb, relat\u00f3.<\/p>\n<p style=\"text-align: justify;\">Ahora la justicia fall\u00f3 y obliga a Andr\u00e9s Nara a devolverle el dinero, que por la actualizaci\u00f3n corresponde a 24 mil pesos.<\/p>\n<p style=\"text-align: justify;\">El abogado del hombre damnificado, Jos\u00e9 Vera, asegur\u00f3 que en caso de que Andr\u00e9s Nara no pague se le podr\u00edan embargar los muebles.<\/p>\n","protected":false},"excerpt":{"rendered":"<p>El padre de la botinera estar\u00eda m\u00e1s complicado que nunca con la demanda p\u00fablica que lo tuvo como protagonista esta ma\u00f1ana en \u00abDesayuno Americano\u00bb. En el ciclo que conduce Pamela David se present\u00f3 Guillermo, un hombre que lo denunci\u00f3 por estafa:\u00a0\u00abYo le compr\u00e9 un auto, y al d\u00eda siguiente de comprarlo empez\u00f3 a fallar. Me [&hellip;]<\/p>\n","protected":false},"author":9,"featured_media":16796,"comment_status":"closed","ping_status":"closed","sticky":false,"template":"","format":"standard","meta":{"_seopress_robots_primary_cat":"","_seopress_titles_title":"","_seopress_titles_desc":"","_seopress_robots_index":"","footnotes":""},"categories":[4],"tags":[27647,27648],"class_list":{"0":"post-16785","1":"post","2":"type-post","3":"status-publish","4":"format-standard","5":"has-post-thumbnail","7":"category-famosos","8":"tag-papa-de-wanda-nara","9":"tag-papa-de-wanda-nara-denunciado-por-estafa"},"_links":{"self":[{"href":"https:\/\/www.cordobatimes.com\/showup\/wp-json\/wp\/v2\/posts\/16785","targetHints":{"allow":["GET"]}}],"collection":[{"href":"https:\/\/www.cordobatimes.com\/showup\/wp-json\/wp\/v2\/posts"}],"about":[{"href":"https:\/\/www.cordobatimes.com\/showup\/wp-json\/wp\/v2\/types\/post"}],"author":[{"embeddable":true,"href":"https:\/\/www.cordobatimes.com\/showup\/wp-json\/wp\/v2\/users\/9"}],"replies":[{"embeddable":true,"href":"https:\/\/www.cordobatimes.com\/showup\/wp-json\/wp\/v2\/comments?post=16785"}],"version-history":[{"count":0,"href":"https:\/\/www.cordobatimes.com\/showup\/wp-json\/wp\/v2\/posts\/16785\/revisions"}],"wp:featuredmedia":[{"embeddable":true,"href":"https:\/\/www.cordobatimes.com\/showup\/wp-json\/wp\/v2\/media\/16796"}],"wp:attachment":[{"href":"https:\/\/www.cordobatimes.com\/showup\/wp-json\/wp\/v2\/media?parent=16785"}],"wp:term":[{"taxonomy":"category","embeddable":true,"href":"https:\/\/www.cordobatimes.com\/showup\/wp-json\/wp\/v2\/categories?post=16785"},{"taxonomy":"post_tag","embeddable":true,"href":"https:\/\/www.cordobatimes.com\/showup\/wp-json\/wp\/v2\/tags?post=16785"}],"curies":[{"name":"wp","href":"https:\/\/api.w.org\/{rel}","templated":true}]}}