{"id":16578,"date":"2014-04-05T20:38:07","date_gmt":"2014-04-05T23:38:07","guid":{"rendered":"http:\/\/cordobatimes.com\/showup\/?p=16578"},"modified":"2020-01-02T16:27:34","modified_gmt":"2020-01-02T19:27:34","slug":"las-selfies-son-un-trastorno-mental","status":"publish","type":"post","link":"https:\/\/www.cordobatimes.com\/showup\/curiosidades\/2014\/04\/05\/las-selfies-son-un-trastorno-mental\/","title":{"rendered":"Las selfies son un \u00abtrastorno mental\u00bb"},"content":{"rendered":"<h3 style=\"text-align: justify;\"><strong>La Asociaci\u00f3n Americana de Psiquiatr\u00eda (APA) confirm\u00f3 que la reciente moda 2.0 se convirti\u00f3 en un mal psicol\u00f3gico.<\/strong><\/h3>\n<p style=\"text-align: justify;\">Se defini\u00f3 a la \u00abselfitis\u00bb como: \u00abEl deseo compulsivo obsesivo para tomar fotos de uno mismo y publicarlos en los medios sociales como una forma de compensar la falta de autoestima y para llenar un vac\u00edo en la intimidad\u00bb.<\/p>\n<p style=\"text-align: justify;\">As\u00ed mismo, la APA indic\u00f3 que este trastorno se da en tres niveles:<\/p>\n<p style=\"text-align: justify;\">&#8211; <span style=\"text-decoration: underline;\"><strong>Selfitis Borderline<\/strong><\/span>: tomarse fotos de uno mismo por lo menos tres veces al d\u00eda, pero sin llegar a compartirlas en redes sociales.<\/p>\n<p style=\"text-align: justify;\">&#8211; <span style=\"text-decoration: underline;\"><strong>Selfitis Aguda<\/strong><\/span>: tomarse fotos de uno mismo por lo menos tres veces al d\u00eda y luego publicarlas todas en redes sociales.<\/p>\n<p style=\"text-align: justify;\">&#8211; <span style=\"text-decoration: underline;\"><strong>Selfitis Cr\u00f3nica<\/strong><\/span>: tomarse fotos de uno mismo \u00absin control\u00bb; cuando una persona se toma m\u00e1s de 6 selfies al d\u00eda y los comparte en todas sus redes sociales en repetidas ocasiones.<\/p>\n<p style=\"text-align: justify;\">Por ahora, los miembros de la APA advierten que no hay cura para este terrible mal, pero si se cuenta con un tratamiento temporal disponible a trav\u00e9s de la Terapia Cognitivo-Conductual (TCC).<\/p>\n<p style=\"text-align: justify;\"><span style=\"text-decoration: underline;\"><strong>Recomendaci\u00f3n<\/strong><\/span>: Para saber si tienes \u00abselfitis\u00bb haz un ejercicio de honestidad, revisa tus redes sociales, y si la mayor\u00eda de tus publicaciones son selfies donde est\u00e9s s\u00f3lo o salgas con tus amigos, tu mascota, el presidente o Ellen DeGeneres, entonces acude con un profesional para que te diagnostique.<\/p>\n<p style=\"text-align: justify;\">Informaci\u00f3n:\u00a0TheAdoboChronicles<\/p>\n","protected":false},"excerpt":{"rendered":"<p>La Asociaci\u00f3n Americana de Psiquiatr\u00eda (APA) confirm\u00f3 que la reciente moda 2.0 se convirti\u00f3 en un mal psicol\u00f3gico. Se defini\u00f3 a la \u00abselfitis\u00bb como: \u00abEl deseo compulsivo obsesivo para tomar fotos de uno mismo y publicarlos en los medios sociales como una forma de compensar la falta de autoestima y para llenar un vac\u00edo en [&hellip;]<\/p>\n","protected":false},"author":9,"featured_media":16580,"comment_status":"closed","ping_status":"closed","sticky":false,"template":"","format":"standard","meta":{"_seopress_robots_primary_cat":"","_seopress_titles_title":"","_seopress_titles_desc":"","_seopress_robots_index":"","footnotes":""},"categories":[8],"tags":[5516,27688,5513,5514],"class_list":{"0":"post-16578","1":"post","2":"type-post","3":"status-publish","4":"format-standard","5":"has-post-thumbnail","7":"category-curiosidades","8":"tag-asociacion-americana-de-psiquiatria","9":"tag-selfies-trastorno-mental","10":"tag-selfitis","11":"tag-terapia-cognitvio-conductual"},"_links":{"self":[{"href":"https:\/\/www.cordobatimes.com\/showup\/wp-json\/wp\/v2\/posts\/16578","targetHints":{"allow":["GET"]}}],"collection":[{"href":"https:\/\/www.cordobatimes.com\/showup\/wp-json\/wp\/v2\/posts"}],"about":[{"href":"https:\/\/www.cordobatimes.com\/showup\/wp-json\/wp\/v2\/types\/post"}],"author":[{"embeddable":true,"href":"https:\/\/www.cordobatimes.com\/showup\/wp-json\/wp\/v2\/users\/9"}],"replies":[{"embeddable":true,"href":"https:\/\/www.cordobatimes.com\/showup\/wp-json\/wp\/v2\/comments?post=16578"}],"version-history":[{"count":0,"href":"https:\/\/www.cordobatimes.com\/showup\/wp-json\/wp\/v2\/posts\/16578\/revisions"}],"wp:featuredmedia":[{"embeddable":true,"href":"https:\/\/www.cordobatimes.com\/showup\/wp-json\/wp\/v2\/media\/16580"}],"wp:attachment":[{"href":"https:\/\/www.cordobatimes.com\/showup\/wp-json\/wp\/v2\/media?parent=16578"}],"wp:term":[{"taxonomy":"category","embeddable":true,"href":"https:\/\/www.cordobatimes.com\/showup\/wp-json\/wp\/v2\/categories?post=16578"},{"taxonomy":"post_tag","embeddable":true,"href":"https:\/\/www.cordobatimes.com\/showup\/wp-json\/wp\/v2\/tags?post=16578"}],"curies":[{"name":"wp","href":"https:\/\/api.w.org\/{rel}","templated":true}]}}