{"id":16544,"date":"2014-04-05T18:14:24","date_gmt":"2014-04-05T21:14:24","guid":{"rendered":"http:\/\/cordobatimes.com\/showup\/?p=16544"},"modified":"2020-01-02T16:46:01","modified_gmt":"2020-01-02T19:46:01","slug":"lanata-fue-operado","status":"publish","type":"post","link":"https:\/\/www.cordobatimes.com\/showup\/famosos\/2014\/04\/05\/lanata-fue-operado\/","title":{"rendered":"Operaron a Jorge Lanata"},"content":{"rendered":"<h3 style=\"text-align: justify;\"><b>El conductor fue intervenido quir\u00fargicamente la semana pasada. Ent\u00e9rate qu\u00e9 le hicieron en esta nota. <\/b><\/h3>\n<p style=\"text-align: justify;\">Jorge Lanata fue operado y \u00a0le colocaron dos stents, luego de que en un estudio se descubriera que ten\u00eda arterias coronarias tapadas.<\/p>\n<p style=\"text-align: justify;\">Seg\u00fan informa personajes.tv, la intervenci\u00f3n quir\u00fargica se realiz\u00f3 el martes y no requiri\u00f3 internaci\u00f3n; ese mismo d\u00eda volvi\u00f3 a su casa y ya se encuentra restablecido.<\/p>\n<p style=\"text-align: justify;\">Dedicado a recuperar su salud mientras espera poder realizarse un trasplante de ri\u00f1ones para \u201czafar\u201d de la di\u00e1lisis que se realiza tres veces por semana, el periodista ahora se plantea un nuevo desaf\u00edo: dejar de fumar.<\/p>\n","protected":false},"excerpt":{"rendered":"<p>El conductor fue intervenido quir\u00fargicamente la semana pasada. Ent\u00e9rate qu\u00e9 le hicieron en esta nota. Jorge Lanata fue operado y \u00a0le colocaron dos stents, luego de que en un estudio se descubriera que ten\u00eda arterias coronarias tapadas. Seg\u00fan informa personajes.tv, la intervenci\u00f3n quir\u00fargica se realiz\u00f3 el martes y no requiri\u00f3 internaci\u00f3n; ese mismo d\u00eda volvi\u00f3 [&hellip;]<\/p>\n","protected":false},"author":9,"featured_media":16565,"comment_status":"closed","ping_status":"closed","sticky":false,"template":"","format":"standard","meta":{"_seopress_robots_primary_cat":"","_seopress_titles_title":"","_seopress_titles_desc":"","_seopress_robots_index":"","footnotes":""},"categories":[4],"tags":[27690,27689],"class_list":{"0":"post-16544","1":"post","2":"type-post","3":"status-publish","4":"format-standard","5":"has-post-thumbnail","7":"category-famosos","8":"tag-jorge-lanata-fue-operado-y-le-colocaron-dos-stents","9":"tag-operacion-a-jorge-lanata"},"_links":{"self":[{"href":"https:\/\/www.cordobatimes.com\/showup\/wp-json\/wp\/v2\/posts\/16544","targetHints":{"allow":["GET"]}}],"collection":[{"href":"https:\/\/www.cordobatimes.com\/showup\/wp-json\/wp\/v2\/posts"}],"about":[{"href":"https:\/\/www.cordobatimes.com\/showup\/wp-json\/wp\/v2\/types\/post"}],"author":[{"embeddable":true,"href":"https:\/\/www.cordobatimes.com\/showup\/wp-json\/wp\/v2\/users\/9"}],"replies":[{"embeddable":true,"href":"https:\/\/www.cordobatimes.com\/showup\/wp-json\/wp\/v2\/comments?post=16544"}],"version-history":[{"count":0,"href":"https:\/\/www.cordobatimes.com\/showup\/wp-json\/wp\/v2\/posts\/16544\/revisions"}],"wp:featuredmedia":[{"embeddable":true,"href":"https:\/\/www.cordobatimes.com\/showup\/wp-json\/wp\/v2\/media\/16565"}],"wp:attachment":[{"href":"https:\/\/www.cordobatimes.com\/showup\/wp-json\/wp\/v2\/media?parent=16544"}],"wp:term":[{"taxonomy":"category","embeddable":true,"href":"https:\/\/www.cordobatimes.com\/showup\/wp-json\/wp\/v2\/categories?post=16544"},{"taxonomy":"post_tag","embeddable":true,"href":"https:\/\/www.cordobatimes.com\/showup\/wp-json\/wp\/v2\/tags?post=16544"}],"curies":[{"name":"wp","href":"https:\/\/api.w.org\/{rel}","templated":true}]}}