{"id":16542,"date":"2014-04-05T17:17:06","date_gmt":"2014-04-05T20:17:06","guid":{"rendered":"http:\/\/cordobatimes.com\/showup\/?p=16542"},"modified":"2020-01-02T17:11:42","modified_gmt":"2020-01-02T20:11:42","slug":"murio-el-padre-de-romina-gaetani","status":"publish","type":"post","link":"https:\/\/www.cordobatimes.com\/showup\/famosos\/2014\/04\/05\/murio-el-padre-de-romina-gaetani\/","title":{"rendered":"Muri\u00f3 el padre de Romina Gaetani"},"content":{"rendered":"<h3 style=\"text-align: justify;\"><b>Carlos Hugo Gaetani falleci\u00f3 ayer viernes luego de estar internado en el Sanatorio San Lucas de San Isidro<\/b><\/h3>\n<p style=\"text-align: justify;\">Romina no hab\u00eda realizado menci\u00f3n de lo sucedido pero esta tarde decidi\u00f3 dedicarle un par de tweets a su recientemente fallecido pap\u00e1.<\/p>\n<blockquote class=\"twitter-tweet\" lang=\"es\"><p>mi vida entera tuya pap\u00e1<\/p>\n<p>\u2014 romina gaetani (@rororock33) <a href=\"https:\/\/twitter.com\/rororock33\/statuses\/452481840389967872\">abril 5, 2014<\/a><\/p><\/blockquote>\n<p><script charset=\"utf-8\" type=\"text\/javascript\" src=\"\/\/platform.twitter.com\/widgets.js\" async=\"\"><\/script><\/p>\n<blockquote class=\"twitter-tweet\" lang=\"es\"><p>que la buena m\u00fasica te acompa\u00f1e en \u00e9ste viaje&#8230;&#8230;viva el jazz carajo<\/p>\n<p>\u2014 romina gaetani (@rororock33) <a href=\"https:\/\/twitter.com\/rororock33\/statuses\/452481848480768001\">abril 5, 2014<\/a><\/p><\/blockquote>\n<p>La actriz se encuentra realizando la filmaci\u00f3n de la pel\u00edcula \u00abHuella andina\u00bb que la tiene como protagonista y promete ser un \u00e9xito.<\/p>\n","protected":false},"excerpt":{"rendered":"<p>Carlos Hugo Gaetani falleci\u00f3 ayer viernes luego de estar internado en el Sanatorio San Lucas de San Isidro Romina no hab\u00eda realizado menci\u00f3n de lo sucedido pero esta tarde decidi\u00f3 dedicarle un par de tweets a su recientemente fallecido pap\u00e1. mi vida entera tuya pap\u00e1 \u2014 romina gaetani (@rororock33) abril 5, 2014 que la buena [&hellip;]<\/p>\n","protected":false},"author":9,"featured_media":16556,"comment_status":"closed","ping_status":"closed","sticky":false,"template":"","format":"standard","meta":{"_seopress_robots_primary_cat":"","_seopress_titles_title":"","_seopress_titles_desc":"","_seopress_robots_index":"","footnotes":""},"categories":[4],"tags":[5503,27692],"class_list":{"0":"post-16542","1":"post","2":"type-post","3":"status-publish","4":"format-standard","5":"has-post-thumbnail","7":"category-famosos","8":"tag-carlos-hugo-gaetani","9":"tag-muerte-del-padre-de-romina-gaetani"},"_links":{"self":[{"href":"https:\/\/www.cordobatimes.com\/showup\/wp-json\/wp\/v2\/posts\/16542","targetHints":{"allow":["GET"]}}],"collection":[{"href":"https:\/\/www.cordobatimes.com\/showup\/wp-json\/wp\/v2\/posts"}],"about":[{"href":"https:\/\/www.cordobatimes.com\/showup\/wp-json\/wp\/v2\/types\/post"}],"author":[{"embeddable":true,"href":"https:\/\/www.cordobatimes.com\/showup\/wp-json\/wp\/v2\/users\/9"}],"replies":[{"embeddable":true,"href":"https:\/\/www.cordobatimes.com\/showup\/wp-json\/wp\/v2\/comments?post=16542"}],"version-history":[{"count":0,"href":"https:\/\/www.cordobatimes.com\/showup\/wp-json\/wp\/v2\/posts\/16542\/revisions"}],"wp:featuredmedia":[{"embeddable":true,"href":"https:\/\/www.cordobatimes.com\/showup\/wp-json\/wp\/v2\/media\/16556"}],"wp:attachment":[{"href":"https:\/\/www.cordobatimes.com\/showup\/wp-json\/wp\/v2\/media?parent=16542"}],"wp:term":[{"taxonomy":"category","embeddable":true,"href":"https:\/\/www.cordobatimes.com\/showup\/wp-json\/wp\/v2\/categories?post=16542"},{"taxonomy":"post_tag","embeddable":true,"href":"https:\/\/www.cordobatimes.com\/showup\/wp-json\/wp\/v2\/tags?post=16542"}],"curies":[{"name":"wp","href":"https:\/\/api.w.org\/{rel}","templated":true}]}}